{"id":9026,"date":"2020-03-03T10:44:22","date_gmt":"2020-03-03T16:44:22","guid":{"rendered":"https:\/\/gobernacionaltaverapaz.gob.gt\/?p=9026"},"modified":"2020-03-09T09:03:10","modified_gmt":"2020-03-09T15:03:10","slug":"conferencia-de-prensa-en-conmemoracin-del-da-internacional-de-la-mujer","status":"publish","type":"post","link":"https:\/\/gobernacionaltaverapaz.gob.gt\/?p=9026","title":{"rendered":"Conferencia de prensa en conmemoraci\u00f3n del D\u00eda Internacional de la Mujer"},"content":{"rendered":"<p style=\"text-align: justify;\">En el sal\u00f3n de las Am\u00e9ricas del Palacio de la Gobernaci\u00f3n Departamental de Alta Verapaz, se llev\u00f3 a cabo la conferencia de prensa: &#8220;Soy de la Generaci\u00f3n Igualdad: por los Derechos de las Mujeres&#8221;, con el objetivo de socializar la realizaci\u00f3n del &#8220;I Encuentro Inter-universitario, por los Derechos de las Mujeres&#8221;, en el marco de la Conmemoraci\u00f3n del 8 de marzo, D\u00eda Internacional de l<span class=\"textexposedshow\">a Mujer. <\/span><\/p>\n<p style=\"text-align: justify;\">En el evento se compartieron las distintas actividades a nivel departamental organizadas por instituciones de gobierno, municipalidades y distintas organizaciones p\u00fablicas y privadas.<\/p>\n<p style=\"text-align: justify;\">Se cont\u00f3 con la participaci\u00f3n de la Red Departamental Contra la Violencia Sexual, Explotaci\u00f3n y Trata de Personas -REDVET-, Red de Derivaci\u00f3n del Ministerio P\u00fablico de Cob\u00e1n, Alta Verapaz, Plan Nacional de Prevenci\u00f3n de Embarazos en Adolescentes -PLANEA-, Centro Universitario del Norte, Universidad Rafael Land\u00edvar, Universidad Mariano G\u00e1lvez y Universidad Mesoamericana.<\/p>\n<p><img decoding=\"async\" loading=\"lazy\" class=\"alignnone wp-image-9029 \" src=\"https:\/\/gobernacionaltaverapaz.gob.gt\/wp-content\/uploads\/2020\/03\/003-4.jpg\" alt=\"\" width=\"359\" height=\"269\" srcset=\"https:\/\/gobernacionaltaverapaz.gob.gt\/wp-content\/uploads\/2020\/03\/003-4.jpg 900w, https:\/\/gobernacionaltaverapaz.gob.gt\/wp-content\/uploads\/2020\/03\/003-4-300x225.jpg 300w, https:\/\/gobernacionaltaverapaz.gob.gt\/wp-content\/uploads\/2020\/03\/003-4-768x576.jpg 768w\" sizes=\"(max-width: 359px) 100vw, 359px\" \/>\u00a0\u00a0\u00a0\u00a0 <img decoding=\"async\" loading=\"lazy\" class=\"alignnone wp-image-9028 \" src=\"https:\/\/gobernacionaltaverapaz.gob.gt\/wp-content\/uploads\/2020\/03\/002-3.jpg\" alt=\"\" width=\"359\" height=\"269\" srcset=\"https:\/\/gobernacionaltaverapaz.gob.gt\/wp-content\/uploads\/2020\/03\/002-3.jpg 900w, https:\/\/gobernacionaltaverapaz.gob.gt\/wp-content\/uploads\/2020\/03\/002-3-300x225.jpg 300w, https:\/\/gobernacionaltaverapaz.gob.gt\/wp-content\/uploads\/2020\/03\/002-3-768x576.jpg 768w\" sizes=\"(max-width: 359px) 100vw, 359px\" \/> <img decoding=\"async\" loading=\"lazy\" class=\"alignnone wp-image-9027 \" src=\"https:\/\/gobernacionaltaverapaz.gob.gt\/wp-content\/uploads\/2020\/03\/001-4.jpg\" alt=\"\" width=\"737\" height=\"553\" srcset=\"https:\/\/gobernacionaltaverapaz.gob.gt\/wp-content\/uploads\/2020\/03\/001-4.jpg 900w, https:\/\/gobernacionaltaverapaz.gob.gt\/wp-content\/uploads\/2020\/03\/001-4-300x225.jpg 300w, https:\/\/gobernacionaltaverapaz.gob.gt\/wp-content\/uploads\/2020\/03\/001-4-768x576.jpg 768w\" sizes=\"(max-width: 737px) 100vw, 737px\" \/><\/p>\n","protected":false},"excerpt":{"rendered":"<p>En el sal\u00f3n de las Am\u00e9ricas del Palacio de la Gobernaci\u00f3n Departamental de Alta Verapaz, se llev\u00f3 a cabo la conferencia de prensa: &#8220;Soy de la Generaci\u00f3n Igualdad: por los Derechos de las Mujeres&#8221;, con el objetivo de socializar la realizaci\u00f3n del &#8220;I Encuentro Inter-universitario, por los Derechos de las Mujeres&#8221;, en el marco de [&hellip;]<\/p>\n","protected":false},"author":1,"featured_media":9030,"comment_status":"closed","ping_status":"open","sticky":false,"template":"","format":"gallery","meta":[],"categories":[183],"tags":[178],"_links":{"self":[{"href":"https:\/\/gobernacionaltaverapaz.gob.gt\/index.php?rest_route=\/wp\/v2\/posts\/9026"}],"collection":[{"href":"https:\/\/gobernacionaltaverapaz.gob.gt\/index.php?rest_route=\/wp\/v2\/posts"}],"about":[{"href":"https:\/\/gobernacionaltaverapaz.gob.gt\/index.php?rest_route=\/wp\/v2\/types\/post"}],"author":[{"embeddable":true,"href":"https:\/\/gobernacionaltaverapaz.gob.gt\/index.php?rest_route=\/wp\/v2\/users\/1"}],"replies":[{"embeddable":true,"href":"https:\/\/gobernacionaltaverapaz.gob.gt\/index.php?rest_route=%2Fwp%2Fv2%2Fcomments&post=9026"}],"version-history":[{"count":1,"href":"https:\/\/gobernacionaltaverapaz.gob.gt\/index.php?rest_route=\/wp\/v2\/posts\/9026\/revisions"}],"predecessor-version":[{"id":9031,"href":"https:\/\/gobernacionaltaverapaz.gob.gt\/index.php?rest_route=\/wp\/v2\/posts\/9026\/revisions\/9031"}],"wp:featuredmedia":[{"embeddable":true,"href":"https:\/\/gobernacionaltaverapaz.gob.gt\/index.php?rest_route=\/wp\/v2\/media\/9030"}],"wp:attachment":[{"href":"https:\/\/gobernacionaltaverapaz.gob.gt\/index.php?rest_route=%2Fwp%2Fv2%2Fmedia&parent=9026"}],"wp:term":[{"taxonomy":"category","embeddable":true,"href":"https:\/\/gobernacionaltaverapaz.gob.gt\/index.php?rest_route=%2Fwp%2Fv2%2Fcategories&post=9026"},{"taxonomy":"post_tag","embeddable":true,"href":"https:\/\/gobernacionaltaverapaz.gob.gt\/index.php?rest_route=%2Fwp%2Fv2%2Ftags&post=9026"}],"curies":[{"name":"wp","href":"https:\/\/api.w.org\/{rel}","templated":true}]}}