{"id":9032,"date":"2020-03-03T06:16:22","date_gmt":"2020-03-03T12:16:22","guid":{"rendered":"https:\/\/gobernacionaltaverapaz.gob.gt\/?p=9032"},"modified":"2020-03-09T17:00:55","modified_gmt":"2020-03-09T23:00:55","slug":"gran-cruzada-nacional-de-la-nutricin","status":"publish","type":"post","link":"https:\/\/gobernacionaltaverapaz.gob.gt\/?p=9032","title":{"rendered":"Gran Cruzada Nacional de la Nutrici\u00f3n"},"content":{"rendered":"<p style=\"text-align: justify;\">El distrito de salud de San Juan Chamelco, realiz\u00f3 una caminata como parte del compromiso de la Gran Cruzada Nacional de la Nutrici\u00f3n para darle cumplimiento a la meta n\u00famero cinco (5) establecida en el marco de referencia para el Plan de los cien (100) d\u00edas, con base a la Pol\u00edtica General de Gobierno 2020-2024 con el objetivo de informar a la poblaci\u00f3n en general las jornadas de prevenci\u00f3n q<span class=\"textexposedshow\">ue se estar\u00e1n realizando en el municipio.<\/span><\/p>\n<p style=\"text-align: justify;\">Tambi\u00e9n se cont\u00f3 con la participaci\u00f3n de instituciones gubernamentales y no gubernamentales que intervienen en temas de nutrici\u00f3n.<\/p>\n<p style=\"text-align: justify;\">En esta actividad tambi\u00e9n particip\u00f3 el Gobernador Departamental, MA. Erik Nolberto Guerrero Mili\u00e1n, qui\u00e9n adem\u00e1s realiz\u00f3 una visita al Centro de Atenci\u00f3n Permanente &#8211; CAP-.<\/p>\n<div><\/div>\n","protected":false},"excerpt":{"rendered":"<p>El distrito de salud de San Juan Chamelco, realiz\u00f3 una caminata como parte del compromiso de la Gran Cruzada Nacional de la Nutrici\u00f3n para darle cumplimiento a la meta n\u00famero cinco (5) establecida en el marco de referencia para el Plan de los cien (100) d\u00edas, con base a la Pol\u00edtica General de Gobierno 2020-2024 [&hellip;]<\/p>\n","protected":false},"author":1,"featured_media":9034,"comment_status":"closed","ping_status":"open","sticky":false,"template":"","format":"gallery","meta":[],"categories":[5],"tags":[178],"_links":{"self":[{"href":"https:\/\/gobernacionaltaverapaz.gob.gt\/index.php?rest_route=\/wp\/v2\/posts\/9032"}],"collection":[{"href":"https:\/\/gobernacionaltaverapaz.gob.gt\/index.php?rest_route=\/wp\/v2\/posts"}],"about":[{"href":"https:\/\/gobernacionaltaverapaz.gob.gt\/index.php?rest_route=\/wp\/v2\/types\/post"}],"author":[{"embeddable":true,"href":"https:\/\/gobernacionaltaverapaz.gob.gt\/index.php?rest_route=\/wp\/v2\/users\/1"}],"replies":[{"embeddable":true,"href":"https:\/\/gobernacionaltaverapaz.gob.gt\/index.php?rest_route=%2Fwp%2Fv2%2Fcomments&post=9032"}],"version-history":[{"count":2,"href":"https:\/\/gobernacionaltaverapaz.gob.gt\/index.php?rest_route=\/wp\/v2\/posts\/9032\/revisions"}],"predecessor-version":[{"id":9040,"href":"https:\/\/gobernacionaltaverapaz.gob.gt\/index.php?rest_route=\/wp\/v2\/posts\/9032\/revisions\/9040"}],"wp:featuredmedia":[{"embeddable":true,"href":"https:\/\/gobernacionaltaverapaz.gob.gt\/index.php?rest_route=\/wp\/v2\/media\/9034"}],"wp:attachment":[{"href":"https:\/\/gobernacionaltaverapaz.gob.gt\/index.php?rest_route=%2Fwp%2Fv2%2Fmedia&parent=9032"}],"wp:term":[{"taxonomy":"category","embeddable":true,"href":"https:\/\/gobernacionaltaverapaz.gob.gt\/index.php?rest_route=%2Fwp%2Fv2%2Fcategories&post=9032"},{"taxonomy":"post_tag","embeddable":true,"href":"https:\/\/gobernacionaltaverapaz.gob.gt\/index.php?rest_route=%2Fwp%2Fv2%2Ftags&post=9032"}],"curies":[{"name":"wp","href":"https:\/\/api.w.org\/{rel}","templated":true}]}}