{"id":9041,"date":"2020-03-11T10:26:03","date_gmt":"2020-03-11T16:26:03","guid":{"rendered":"https:\/\/gobernacionaltaverapaz.gob.gt\/?p=9041"},"modified":"2020-03-11T12:35:41","modified_gmt":"2020-03-11T18:35:41","slug":"reunin-de-la-comisin-departamental-urbano-rural-codur-2","status":"publish","type":"post","link":"https:\/\/gobernacionaltaverapaz.gob.gt\/?p=9041","title":{"rendered":"Reuni\u00f3n de la Comisi\u00f3n Departamental Urbano y Rural -CODUR-"},"content":{"rendered":"<p style=\"text-align: justify;\">En el Sal\u00f3n de Sesiones de SEGEPLAN del Palacio de la Gobernaci\u00f3n del departamento de Alta Verapaz, se llev\u00f3 a cabo la reuni\u00f3n ordinaria de la Comisi\u00f3n Departamental Urbano y Rural -CODUR-, con el objetivo de elaborar el Plan de trabajo 2020 y as\u00ed mismo promover la coordinaci\u00f3n interinstitucional en el departamento de Alta Verapaz.<\/p>\n<p><img decoding=\"async\" loading=\"lazy\" class=\"wp-image-9045 alignleft\" src=\"https:\/\/gobernacionaltaverapaz.gob.gt\/wp-content\/uploads\/2020\/03\/004-5.jpg\" alt=\"\" width=\"736\" height=\"552\" srcset=\"https:\/\/gobernacionaltaverapaz.gob.gt\/wp-content\/uploads\/2020\/03\/004-5.jpg 900w, https:\/\/gobernacionaltaverapaz.gob.gt\/wp-content\/uploads\/2020\/03\/004-5-300x225.jpg 300w, https:\/\/gobernacionaltaverapaz.gob.gt\/wp-content\/uploads\/2020\/03\/004-5-768x576.jpg 768w\" sizes=\"(max-width: 736px) 100vw, 736px\" \/><\/p>\n<p style=\"text-align: left;\"><img decoding=\"async\" loading=\"lazy\" class=\"alignnone wp-image-9043 \" src=\"https:\/\/gobernacionaltaverapaz.gob.gt\/wp-content\/uploads\/2020\/03\/002-5.jpg\" alt=\"\" width=\"359\" height=\"269\" srcset=\"https:\/\/gobernacionaltaverapaz.gob.gt\/wp-content\/uploads\/2020\/03\/002-5.jpg 900w, https:\/\/gobernacionaltaverapaz.gob.gt\/wp-content\/uploads\/2020\/03\/002-5-300x225.jpg 300w, https:\/\/gobernacionaltaverapaz.gob.gt\/wp-content\/uploads\/2020\/03\/002-5-768x576.jpg 768w\" sizes=\"(max-width: 359px) 100vw, 359px\" \/>\u00a0\u00a0\u00a0\u00a0 <img decoding=\"async\" loading=\"lazy\" class=\"alignnone wp-image-9042 \" src=\"https:\/\/gobernacionaltaverapaz.gob.gt\/wp-content\/uploads\/2020\/03\/001-6.jpg\" alt=\"\" width=\"359\" height=\"269\" srcset=\"https:\/\/gobernacionaltaverapaz.gob.gt\/wp-content\/uploads\/2020\/03\/001-6.jpg 900w, https:\/\/gobernacionaltaverapaz.gob.gt\/wp-content\/uploads\/2020\/03\/001-6-300x225.jpg 300w, https:\/\/gobernacionaltaverapaz.gob.gt\/wp-content\/uploads\/2020\/03\/001-6-768x576.jpg 768w\" sizes=\"(max-width: 359px) 100vw, 359px\" \/><\/p>\n","protected":false},"excerpt":{"rendered":"<p>En el Sal\u00f3n de Sesiones de SEGEPLAN del Palacio de la Gobernaci\u00f3n del departamento de Alta Verapaz, se llev\u00f3 a cabo la reuni\u00f3n ordinaria de la Comisi\u00f3n Departamental Urbano y Rural -CODUR-, con el objetivo de elaborar el Plan de trabajo 2020 y as\u00ed mismo promover la coordinaci\u00f3n interinstitucional en el departamento de Alta Verapaz. [&hellip;]<\/p>\n","protected":false},"author":1,"featured_media":9044,"comment_status":"closed","ping_status":"open","sticky":false,"template":"","format":"standard","meta":[],"categories":[191],"tags":[178],"_links":{"self":[{"href":"https:\/\/gobernacionaltaverapaz.gob.gt\/index.php?rest_route=\/wp\/v2\/posts\/9041"}],"collection":[{"href":"https:\/\/gobernacionaltaverapaz.gob.gt\/index.php?rest_route=\/wp\/v2\/posts"}],"about":[{"href":"https:\/\/gobernacionaltaverapaz.gob.gt\/index.php?rest_route=\/wp\/v2\/types\/post"}],"author":[{"embeddable":true,"href":"https:\/\/gobernacionaltaverapaz.gob.gt\/index.php?rest_route=\/wp\/v2\/users\/1"}],"replies":[{"embeddable":true,"href":"https:\/\/gobernacionaltaverapaz.gob.gt\/index.php?rest_route=%2Fwp%2Fv2%2Fcomments&post=9041"}],"version-history":[{"count":4,"href":"https:\/\/gobernacionaltaverapaz.gob.gt\/index.php?rest_route=\/wp\/v2\/posts\/9041\/revisions"}],"predecessor-version":[{"id":9049,"href":"https:\/\/gobernacionaltaverapaz.gob.gt\/index.php?rest_route=\/wp\/v2\/posts\/9041\/revisions\/9049"}],"wp:featuredmedia":[{"embeddable":true,"href":"https:\/\/gobernacionaltaverapaz.gob.gt\/index.php?rest_route=\/wp\/v2\/media\/9044"}],"wp:attachment":[{"href":"https:\/\/gobernacionaltaverapaz.gob.gt\/index.php?rest_route=%2Fwp%2Fv2%2Fmedia&parent=9041"}],"wp:term":[{"taxonomy":"category","embeddable":true,"href":"https:\/\/gobernacionaltaverapaz.gob.gt\/index.php?rest_route=%2Fwp%2Fv2%2Fcategories&post=9041"},{"taxonomy":"post_tag","embeddable":true,"href":"https:\/\/gobernacionaltaverapaz.gob.gt\/index.php?rest_route=%2Fwp%2Fv2%2Ftags&post=9041"}],"curies":[{"name":"wp","href":"https:\/\/api.w.org\/{rel}","templated":true}]}}