{"id":9061,"date":"2020-03-09T13:57:54","date_gmt":"2020-03-09T19:57:54","guid":{"rendered":"https:\/\/gobernacionaltaverapaz.gob.gt\/?p=9061"},"modified":"2020-03-11T13:09:43","modified_gmt":"2020-03-11T19:09:43","slug":"reunin-del-consejo-regional-de-desarrollo-urbano-rural-regin-norte","status":"publish","type":"post","link":"https:\/\/gobernacionaltaverapaz.gob.gt\/?p=9061","title":{"rendered":"Reuni\u00f3n del Consejo Regional de Desarrollo Urbano y Rural, Regi\u00f3n Norte"},"content":{"rendered":"<p style=\"text-align: justify;\">En el hotel y restaurante La Casona de Baja Verapaz, se llev\u00f3 a cabo la reuni\u00f3n ordinaria del Consejo Regional de Desarrollo Urbano y Rural, Regi\u00f3n Norte.<\/p>\n<p style=\"text-align: justify;\">Los temas tratados fueron: Representaci\u00f3n del sector gubernamental ante el COREDUR; Pol\u00edtica General de Gobierno; Puntos resolutivos CONADUR; Resultados comisi\u00f3n temporal de revisi\u00f3n de formato de dictamen de proyectos;<span class=\"textexposedshow\"> instrumentos de planificaci\u00f3n del COREDUR.<\/span><\/p>\n<p><img decoding=\"async\" loading=\"lazy\" class=\"alignnone wp-image-9062 \" src=\"https:\/\/gobernacionaltaverapaz.gob.gt\/wp-content\/uploads\/2020\/03\/001-8.jpg\" alt=\"\" width=\"359\" height=\"269\" srcset=\"https:\/\/gobernacionaltaverapaz.gob.gt\/wp-content\/uploads\/2020\/03\/001-8.jpg 900w, https:\/\/gobernacionaltaverapaz.gob.gt\/wp-content\/uploads\/2020\/03\/001-8-300x225.jpg 300w, https:\/\/gobernacionaltaverapaz.gob.gt\/wp-content\/uploads\/2020\/03\/001-8-768x576.jpg 768w\" sizes=\"(max-width: 359px) 100vw, 359px\" \/>\u00a0\u00a0\u00a0\u00a0 <img decoding=\"async\" loading=\"lazy\" class=\"alignnone wp-image-9063 \" src=\"https:\/\/gobernacionaltaverapaz.gob.gt\/wp-content\/uploads\/2020\/03\/002-7.jpg\" alt=\"\" width=\"359\" height=\"269\" srcset=\"https:\/\/gobernacionaltaverapaz.gob.gt\/wp-content\/uploads\/2020\/03\/002-7.jpg 900w, https:\/\/gobernacionaltaverapaz.gob.gt\/wp-content\/uploads\/2020\/03\/002-7-300x225.jpg 300w, https:\/\/gobernacionaltaverapaz.gob.gt\/wp-content\/uploads\/2020\/03\/002-7-768x576.jpg 768w\" sizes=\"(max-width: 359px) 100vw, 359px\" \/><\/p>\n","protected":false},"excerpt":{"rendered":"<p>En el hotel y restaurante La Casona de Baja Verapaz, se llev\u00f3 a cabo la reuni\u00f3n ordinaria del Consejo Regional de Desarrollo Urbano y Rural, Regi\u00f3n Norte. Los temas tratados fueron: Representaci\u00f3n del sector gubernamental ante el COREDUR; Pol\u00edtica General de Gobierno; Puntos resolutivos CONADUR; Resultados comisi\u00f3n temporal de revisi\u00f3n de formato de dictamen de [&hellip;]<\/p>\n","protected":false},"author":1,"featured_media":9062,"comment_status":"closed","ping_status":"open","sticky":false,"template":"","format":"standard","meta":[],"categories":[1],"tags":[178],"_links":{"self":[{"href":"https:\/\/gobernacionaltaverapaz.gob.gt\/index.php?rest_route=\/wp\/v2\/posts\/9061"}],"collection":[{"href":"https:\/\/gobernacionaltaverapaz.gob.gt\/index.php?rest_route=\/wp\/v2\/posts"}],"about":[{"href":"https:\/\/gobernacionaltaverapaz.gob.gt\/index.php?rest_route=\/wp\/v2\/types\/post"}],"author":[{"embeddable":true,"href":"https:\/\/gobernacionaltaverapaz.gob.gt\/index.php?rest_route=\/wp\/v2\/users\/1"}],"replies":[{"embeddable":true,"href":"https:\/\/gobernacionaltaverapaz.gob.gt\/index.php?rest_route=%2Fwp%2Fv2%2Fcomments&post=9061"}],"version-history":[{"count":1,"href":"https:\/\/gobernacionaltaverapaz.gob.gt\/index.php?rest_route=\/wp\/v2\/posts\/9061\/revisions"}],"predecessor-version":[{"id":9064,"href":"https:\/\/gobernacionaltaverapaz.gob.gt\/index.php?rest_route=\/wp\/v2\/posts\/9061\/revisions\/9064"}],"wp:featuredmedia":[{"embeddable":true,"href":"https:\/\/gobernacionaltaverapaz.gob.gt\/index.php?rest_route=\/wp\/v2\/media\/9062"}],"wp:attachment":[{"href":"https:\/\/gobernacionaltaverapaz.gob.gt\/index.php?rest_route=%2Fwp%2Fv2%2Fmedia&parent=9061"}],"wp:term":[{"taxonomy":"category","embeddable":true,"href":"https:\/\/gobernacionaltaverapaz.gob.gt\/index.php?rest_route=%2Fwp%2Fv2%2Fcategories&post=9061"},{"taxonomy":"post_tag","embeddable":true,"href":"https:\/\/gobernacionaltaverapaz.gob.gt\/index.php?rest_route=%2Fwp%2Fv2%2Ftags&post=9061"}],"curies":[{"name":"wp","href":"https:\/\/api.w.org\/{rel}","templated":true}]}}