{"id":9086,"date":"2020-03-21T19:03:30","date_gmt":"2020-03-22T01:03:30","guid":{"rendered":"https:\/\/gobernacionaltaverapaz.gob.gt\/?p=9086"},"modified":"2020-03-23T08:44:56","modified_gmt":"2020-03-23T14:44:56","slug":"gobernador-departamental-coordina-acciones-derivadas-de-las-disposiciones-emanadas-por-el-seor-presidente-dr-alejandro-giammattei","status":"publish","type":"post","link":"https:\/\/gobernacionaltaverapaz.gob.gt\/?p=9086","title":{"rendered":"Gobernador Departamental coordina acciones derivadas de las disposiciones emanadas por el se\u00f1or Presidente Dr. Alejandro Giammattei"},"content":{"rendered":"<p style=\"text-align: justify;\">Ing. Romel Veliz Castro, Gobernador Departamental sostuvo reuni\u00f3n de trabajo con alcaldes municipales del departamento para coordinar acciones derivadas de las disposiciones emanadas por el se\u00f1or Presidente Dr. Alejandro Giammattei y lo establecido en el Plan para la prevenci\u00f3n, contenci\u00f3n y respuesta a casos de Coronavirus (Covid-19).<\/p>\n<p><img decoding=\"async\" loading=\"lazy\" class=\"alignnone wp-image-9087 \" src=\"https:\/\/gobernacionaltaverapaz.gob.gt\/wp-content\/uploads\/2020\/03\/001-12.jpg\" alt=\"\" width=\"431\" height=\"323\" srcset=\"https:\/\/gobernacionaltaverapaz.gob.gt\/wp-content\/uploads\/2020\/03\/001-12.jpg 900w, https:\/\/gobernacionaltaverapaz.gob.gt\/wp-content\/uploads\/2020\/03\/001-12-300x225.jpg 300w, https:\/\/gobernacionaltaverapaz.gob.gt\/wp-content\/uploads\/2020\/03\/001-12-768x576.jpg 768w\" sizes=\"(max-width: 431px) 100vw, 431px\" \/>\u00a0\u00a0\u00a0\u00a0 <img decoding=\"async\" loading=\"lazy\" class=\"alignnone wp-image-9088 \" src=\"https:\/\/gobernacionaltaverapaz.gob.gt\/wp-content\/uploads\/2020\/03\/002-9.jpg\" alt=\"\" width=\"263\" height=\"324\" srcset=\"https:\/\/gobernacionaltaverapaz.gob.gt\/wp-content\/uploads\/2020\/03\/002-9.jpg 731w, https:\/\/gobernacionaltaverapaz.gob.gt\/wp-content\/uploads\/2020\/03\/002-9-244x300.jpg 244w\" sizes=\"(max-width: 263px) 100vw, 263px\" \/><\/p>\n","protected":false},"excerpt":{"rendered":"<p>Ing. Romel Veliz Castro, Gobernador Departamental sostuvo reuni\u00f3n de trabajo con alcaldes municipales del departamento para coordinar acciones derivadas de las disposiciones emanadas por el se\u00f1or Presidente Dr. Alejandro Giammattei y lo establecido en el Plan para la prevenci\u00f3n, contenci\u00f3n y respuesta a casos de Coronavirus (Covid-19). \u00a0\u00a0\u00a0\u00a0<\/p>\n","protected":false},"author":1,"featured_media":9087,"comment_status":"closed","ping_status":"open","sticky":false,"template":"","format":"standard","meta":[],"categories":[5],"tags":[178],"_links":{"self":[{"href":"https:\/\/gobernacionaltaverapaz.gob.gt\/index.php?rest_route=\/wp\/v2\/posts\/9086"}],"collection":[{"href":"https:\/\/gobernacionaltaverapaz.gob.gt\/index.php?rest_route=\/wp\/v2\/posts"}],"about":[{"href":"https:\/\/gobernacionaltaverapaz.gob.gt\/index.php?rest_route=\/wp\/v2\/types\/post"}],"author":[{"embeddable":true,"href":"https:\/\/gobernacionaltaverapaz.gob.gt\/index.php?rest_route=\/wp\/v2\/users\/1"}],"replies":[{"embeddable":true,"href":"https:\/\/gobernacionaltaverapaz.gob.gt\/index.php?rest_route=%2Fwp%2Fv2%2Fcomments&post=9086"}],"version-history":[{"count":5,"href":"https:\/\/gobernacionaltaverapaz.gob.gt\/index.php?rest_route=\/wp\/v2\/posts\/9086\/revisions"}],"predecessor-version":[{"id":9093,"href":"https:\/\/gobernacionaltaverapaz.gob.gt\/index.php?rest_route=\/wp\/v2\/posts\/9086\/revisions\/9093"}],"wp:featuredmedia":[{"embeddable":true,"href":"https:\/\/gobernacionaltaverapaz.gob.gt\/index.php?rest_route=\/wp\/v2\/media\/9087"}],"wp:attachment":[{"href":"https:\/\/gobernacionaltaverapaz.gob.gt\/index.php?rest_route=%2Fwp%2Fv2%2Fmedia&parent=9086"}],"wp:term":[{"taxonomy":"category","embeddable":true,"href":"https:\/\/gobernacionaltaverapaz.gob.gt\/index.php?rest_route=%2Fwp%2Fv2%2Fcategories&post=9086"},{"taxonomy":"post_tag","embeddable":true,"href":"https:\/\/gobernacionaltaverapaz.gob.gt\/index.php?rest_route=%2Fwp%2Fv2%2Ftags&post=9086"}],"curies":[{"name":"wp","href":"https:\/\/api.w.org\/{rel}","templated":true}]}}