{"id":9115,"date":"2020-03-24T07:58:09","date_gmt":"2020-03-24T13:58:09","guid":{"rendered":"https:\/\/gobernacionaltaverapaz.gob.gt\/?p=9115"},"modified":"2020-03-24T10:36:45","modified_gmt":"2020-03-24T16:36:45","slug":"supervisin-cordn-sanitario-de-seguridad-en-los-municipios-de-tamah-tucur","status":"publish","type":"post","link":"https:\/\/gobernacionaltaverapaz.gob.gt\/?p=9115","title":{"rendered":"Supervisi\u00f3n cord\u00f3n sanitario y de seguridad en los municipios de Tamah\u00fa y Tucur\u00fa"},"content":{"rendered":"<p style=\"text-align: justify;\">Gobernador Departamental Ing. Romel Veliz Castro, supervisa cord\u00f3n sanitario y de seguridad entre los municipios de Tamah\u00fa y Tucur\u00fa.<\/p>\n<p>\u00a0\u00a0\u00a0\u00a0\u00a0\u00a0\u00a0\u00a0\u00a0\u00a0\u00a0\u00a0\u00a0\u00a0\u00a0 <img decoding=\"async\" loading=\"lazy\" class=\"alignnone size-medium wp-image-9116\" src=\"https:\/\/gobernacionaltaverapaz.gob.gt\/wp-content\/uploads\/2020\/03\/001-18-300x291.jpg\" alt=\"\" width=\"300\" height=\"291\" srcset=\"https:\/\/gobernacionaltaverapaz.gob.gt\/wp-content\/uploads\/2020\/03\/001-18-300x291.jpg 300w, https:\/\/gobernacionaltaverapaz.gob.gt\/wp-content\/uploads\/2020\/03\/001-18-768x745.jpg 768w, https:\/\/gobernacionaltaverapaz.gob.gt\/wp-content\/uploads\/2020\/03\/001-18.jpg 900w\" sizes=\"(max-width: 300px) 100vw, 300px\" \/>\u00a0\u00a0\u00a0\u00a0\u00a0\u00a0 <img decoding=\"async\" loading=\"lazy\" class=\"alignnone size-medium wp-image-9117\" src=\"https:\/\/gobernacionaltaverapaz.gob.gt\/wp-content\/uploads\/2020\/03\/002-11-300x290.jpg\" alt=\"\" width=\"300\" height=\"290\" srcset=\"https:\/\/gobernacionaltaverapaz.gob.gt\/wp-content\/uploads\/2020\/03\/002-11-300x290.jpg 300w, https:\/\/gobernacionaltaverapaz.gob.gt\/wp-content\/uploads\/2020\/03\/002-11-768x742.jpg 768w, https:\/\/gobernacionaltaverapaz.gob.gt\/wp-content\/uploads\/2020\/03\/002-11.jpg 900w\" sizes=\"(max-width: 300px) 100vw, 300px\" \/><\/p>\n","protected":false},"excerpt":{"rendered":"<p>Gobernador Departamental Ing. Romel Veliz Castro, supervisa cord\u00f3n sanitario y de seguridad entre los municipios de Tamah\u00fa y Tucur\u00fa. \u00a0\u00a0\u00a0\u00a0\u00a0\u00a0\u00a0\u00a0\u00a0\u00a0\u00a0\u00a0\u00a0\u00a0\u00a0 \u00a0\u00a0\u00a0\u00a0\u00a0\u00a0<\/p>\n","protected":false},"author":1,"featured_media":9117,"comment_status":"closed","ping_status":"open","sticky":false,"template":"","format":"standard","meta":[],"categories":[5,185],"tags":[178],"_links":{"self":[{"href":"https:\/\/gobernacionaltaverapaz.gob.gt\/index.php?rest_route=\/wp\/v2\/posts\/9115"}],"collection":[{"href":"https:\/\/gobernacionaltaverapaz.gob.gt\/index.php?rest_route=\/wp\/v2\/posts"}],"about":[{"href":"https:\/\/gobernacionaltaverapaz.gob.gt\/index.php?rest_route=\/wp\/v2\/types\/post"}],"author":[{"embeddable":true,"href":"https:\/\/gobernacionaltaverapaz.gob.gt\/index.php?rest_route=\/wp\/v2\/users\/1"}],"replies":[{"embeddable":true,"href":"https:\/\/gobernacionaltaverapaz.gob.gt\/index.php?rest_route=%2Fwp%2Fv2%2Fcomments&post=9115"}],"version-history":[{"count":2,"href":"https:\/\/gobernacionaltaverapaz.gob.gt\/index.php?rest_route=\/wp\/v2\/posts\/9115\/revisions"}],"predecessor-version":[{"id":9119,"href":"https:\/\/gobernacionaltaverapaz.gob.gt\/index.php?rest_route=\/wp\/v2\/posts\/9115\/revisions\/9119"}],"wp:featuredmedia":[{"embeddable":true,"href":"https:\/\/gobernacionaltaverapaz.gob.gt\/index.php?rest_route=\/wp\/v2\/media\/9117"}],"wp:attachment":[{"href":"https:\/\/gobernacionaltaverapaz.gob.gt\/index.php?rest_route=%2Fwp%2Fv2%2Fmedia&parent=9115"}],"wp:term":[{"taxonomy":"category","embeddable":true,"href":"https:\/\/gobernacionaltaverapaz.gob.gt\/index.php?rest_route=%2Fwp%2Fv2%2Fcategories&post=9115"},{"taxonomy":"post_tag","embeddable":true,"href":"https:\/\/gobernacionaltaverapaz.gob.gt\/index.php?rest_route=%2Fwp%2Fv2%2Ftags&post=9115"}],"curies":[{"name":"wp","href":"https:\/\/api.w.org\/{rel}","templated":true}]}}