{"id":9142,"date":"2020-03-29T15:38:21","date_gmt":"2020-03-29T21:38:21","guid":{"rendered":"https:\/\/gobernacionaltaverapaz.gob.gt\/?p=9142"},"modified":"2020-03-30T10:01:08","modified_gmt":"2020-03-30T16:01:08","slug":"segunda-fase-de-fumigacin-general-del-rea-urbana-del-municipio-de-tamah","status":"publish","type":"post","link":"https:\/\/gobernacionaltaverapaz.gob.gt\/?p=9142","title":{"rendered":"Segunda fase de fumigaci\u00f3n general del \u00e1rea urbana del municipio de Tamah\u00fa"},"content":{"rendered":"<p style=\"text-align: justify;\">Ing. Romel Veliz Castro, Gobernador de Alta Verapaz, apoyo la segunda fase de fumigaci\u00f3n general del \u00e1rea urbana del municipio de Tamah\u00fa.<\/p>\n<p style=\"text-align: justify;\">Actividad coordinada por autoridades ediles, y el aporte realizado por las empresas -AGROTACTIC Y AGROPECUARIA LA GRANJA-, quienes apoyaron para la fumigaci\u00f3n y nebulizaci\u00f3n con virucida, en las principales calles del municipio.<\/p>\n<div><\/div>\n","protected":false},"excerpt":{"rendered":"<p>Ing. Romel Veliz Castro, Gobernador de Alta Verapaz, apoyo la segunda fase de fumigaci\u00f3n general del \u00e1rea urbana del municipio de Tamah\u00fa. Actividad coordinada por autoridades ediles, y el aporte realizado por las empresas -AGROTACTIC Y AGROPECUARIA LA GRANJA-, quienes apoyaron para la fumigaci\u00f3n y nebulizaci\u00f3n con virucida, en las principales calles del municipio.<\/p>\n","protected":false},"author":1,"featured_media":9145,"comment_status":"closed","ping_status":"open","sticky":false,"template":"","format":"gallery","meta":[],"categories":[5],"tags":[178],"_links":{"self":[{"href":"https:\/\/gobernacionaltaverapaz.gob.gt\/index.php?rest_route=\/wp\/v2\/posts\/9142"}],"collection":[{"href":"https:\/\/gobernacionaltaverapaz.gob.gt\/index.php?rest_route=\/wp\/v2\/posts"}],"about":[{"href":"https:\/\/gobernacionaltaverapaz.gob.gt\/index.php?rest_route=\/wp\/v2\/types\/post"}],"author":[{"embeddable":true,"href":"https:\/\/gobernacionaltaverapaz.gob.gt\/index.php?rest_route=\/wp\/v2\/users\/1"}],"replies":[{"embeddable":true,"href":"https:\/\/gobernacionaltaverapaz.gob.gt\/index.php?rest_route=%2Fwp%2Fv2%2Fcomments&post=9142"}],"version-history":[{"count":2,"href":"https:\/\/gobernacionaltaverapaz.gob.gt\/index.php?rest_route=\/wp\/v2\/posts\/9142\/revisions"}],"predecessor-version":[{"id":9150,"href":"https:\/\/gobernacionaltaverapaz.gob.gt\/index.php?rest_route=\/wp\/v2\/posts\/9142\/revisions\/9150"}],"wp:featuredmedia":[{"embeddable":true,"href":"https:\/\/gobernacionaltaverapaz.gob.gt\/index.php?rest_route=\/wp\/v2\/media\/9145"}],"wp:attachment":[{"href":"https:\/\/gobernacionaltaverapaz.gob.gt\/index.php?rest_route=%2Fwp%2Fv2%2Fmedia&parent=9142"}],"wp:term":[{"taxonomy":"category","embeddable":true,"href":"https:\/\/gobernacionaltaverapaz.gob.gt\/index.php?rest_route=%2Fwp%2Fv2%2Fcategories&post=9142"},{"taxonomy":"post_tag","embeddable":true,"href":"https:\/\/gobernacionaltaverapaz.gob.gt\/index.php?rest_route=%2Fwp%2Fv2%2Ftags&post=9142"}],"curies":[{"name":"wp","href":"https:\/\/api.w.org\/{rel}","templated":true}]}}