{"id":9205,"date":"2020-03-31T12:38:20","date_gmt":"2020-03-31T18:38:20","guid":{"rendered":"https:\/\/gobernacionaltaverapaz.gob.gt\/?p=9205"},"modified":"2020-04-06T09:38:42","modified_gmt":"2020-04-06T15:38:42","slug":"reunin-con-representantes-del-coe-de-alta-verapaz","status":"publish","type":"post","link":"https:\/\/gobernacionaltaverapaz.gob.gt\/?p=9205","title":{"rendered":"Reuni\u00f3n con representantes del COE de Alta Verapaz"},"content":{"rendered":"<p style=\"text-align: justify;\">Gobernador Departamental Ing. Romel Veliz, sostuvo reuni\u00f3n el d\u00eda de hoy 31 de marzo junto a representantes del COE de A.V. Para abordar propuestas hechas por el Director de \u00c1rea de Salud, respecto al control y prevenci\u00f3n del COVID-19; principalmente en puestos de control sanitario ubicados en distintos puntos del departamento y en mercados municipales.<\/p>\n<p style=\"text-align: justify;\">As\u00ed mismo se present\u00f3 y conoci\u00f3 las propuestas de iniciativas hechas por el se\u00f1or Presidente de la Republica Dr. Alejandro Giammatei, con el fin de prevenir y mitigar el COVID 19, en los 17 municipios de A.V.<\/p>\n<div><\/div>\n","protected":false},"excerpt":{"rendered":"<p>Gobernador Departamental Ing. Romel Veliz, sostuvo reuni\u00f3n el d\u00eda de hoy 31 de marzo junto a representantes del COE de A.V. Para abordar propuestas hechas por el Director de \u00c1rea de Salud, respecto al control y prevenci\u00f3n del COVID-19; principalmente en puestos de control sanitario ubicados en distintos puntos del departamento y en mercados municipales. [&hellip;]<\/p>\n","protected":false},"author":1,"featured_media":9212,"comment_status":"closed","ping_status":"open","sticky":false,"template":"","format":"gallery","meta":[],"categories":[5,197],"tags":[178],"_links":{"self":[{"href":"https:\/\/gobernacionaltaverapaz.gob.gt\/index.php?rest_route=\/wp\/v2\/posts\/9205"}],"collection":[{"href":"https:\/\/gobernacionaltaverapaz.gob.gt\/index.php?rest_route=\/wp\/v2\/posts"}],"about":[{"href":"https:\/\/gobernacionaltaverapaz.gob.gt\/index.php?rest_route=\/wp\/v2\/types\/post"}],"author":[{"embeddable":true,"href":"https:\/\/gobernacionaltaverapaz.gob.gt\/index.php?rest_route=\/wp\/v2\/users\/1"}],"replies":[{"embeddable":true,"href":"https:\/\/gobernacionaltaverapaz.gob.gt\/index.php?rest_route=%2Fwp%2Fv2%2Fcomments&post=9205"}],"version-history":[{"count":2,"href":"https:\/\/gobernacionaltaverapaz.gob.gt\/index.php?rest_route=\/wp\/v2\/posts\/9205\/revisions"}],"predecessor-version":[{"id":9214,"href":"https:\/\/gobernacionaltaverapaz.gob.gt\/index.php?rest_route=\/wp\/v2\/posts\/9205\/revisions\/9214"}],"wp:featuredmedia":[{"embeddable":true,"href":"https:\/\/gobernacionaltaverapaz.gob.gt\/index.php?rest_route=\/wp\/v2\/media\/9212"}],"wp:attachment":[{"href":"https:\/\/gobernacionaltaverapaz.gob.gt\/index.php?rest_route=%2Fwp%2Fv2%2Fmedia&parent=9205"}],"wp:term":[{"taxonomy":"category","embeddable":true,"href":"https:\/\/gobernacionaltaverapaz.gob.gt\/index.php?rest_route=%2Fwp%2Fv2%2Fcategories&post=9205"},{"taxonomy":"post_tag","embeddable":true,"href":"https:\/\/gobernacionaltaverapaz.gob.gt\/index.php?rest_route=%2Fwp%2Fv2%2Ftags&post=9205"}],"curies":[{"name":"wp","href":"https:\/\/api.w.org\/{rel}","templated":true}]}}