{"id":9257,"date":"2020-04-06T17:56:08","date_gmt":"2020-04-06T23:56:08","guid":{"rendered":"https:\/\/gobernacionaltaverapaz.gob.gt\/?p=9257"},"modified":"2020-04-13T09:27:55","modified_gmt":"2020-04-13T15:27:55","slug":"reunin-con-representantes-del-coe-de-av","status":"publish","type":"post","link":"https:\/\/gobernacionaltaverapaz.gob.gt\/?p=9257","title":{"rendered":"Reuni\u00f3n con representantes del COE de A.V."},"content":{"rendered":"<p style=\"text-align: justify;\">Gobernador Departamental Ing. Romel Veliz Castro, sostuvo reuni\u00f3n el d\u00eda de hoy 06 de Abril junto a representantes del COE de A.V. Para socializar e informar disposiciones de nuestro Presidente Dr. Alejandro Giammattei para que sean operatividades por cada una de las instituciones que integran la CODRED ante la pandemia COVID-19.<\/p>\n<p style=\"text-align: justify;\">As\u00ed mismo, se trat\u00f3 el tema de reestructuraci\u00f3n de los puestos de control en el Departamento para poder evitar la movilizaci\u00f3n de vecinos de otros d<span class=\"textexposedshow\">epartamentos hacia el nuestro, conforme a las nuevas \u202adisposiciones Presidenciales en caso de Calamidad P\u00fablica y \u00f3rdenes para el estricto cumplimiento.<\/span><\/p>\n<div><\/div>\n","protected":false},"excerpt":{"rendered":"<p>Gobernador Departamental Ing. Romel Veliz Castro, sostuvo reuni\u00f3n el d\u00eda de hoy 06 de Abril junto a representantes del COE de A.V. Para socializar e informar disposiciones de nuestro Presidente Dr. Alejandro Giammattei para que sean operatividades por cada una de las instituciones que integran la CODRED ante la pandemia COVID-19. As\u00ed mismo, se trat\u00f3 [&hellip;]<\/p>\n","protected":false},"author":1,"featured_media":9260,"comment_status":"closed","ping_status":"open","sticky":false,"template":"","format":"gallery","meta":[],"categories":[5],"tags":[178],"_links":{"self":[{"href":"https:\/\/gobernacionaltaverapaz.gob.gt\/index.php?rest_route=\/wp\/v2\/posts\/9257"}],"collection":[{"href":"https:\/\/gobernacionaltaverapaz.gob.gt\/index.php?rest_route=\/wp\/v2\/posts"}],"about":[{"href":"https:\/\/gobernacionaltaverapaz.gob.gt\/index.php?rest_route=\/wp\/v2\/types\/post"}],"author":[{"embeddable":true,"href":"https:\/\/gobernacionaltaverapaz.gob.gt\/index.php?rest_route=\/wp\/v2\/users\/1"}],"replies":[{"embeddable":true,"href":"https:\/\/gobernacionaltaverapaz.gob.gt\/index.php?rest_route=%2Fwp%2Fv2%2Fcomments&post=9257"}],"version-history":[{"count":2,"href":"https:\/\/gobernacionaltaverapaz.gob.gt\/index.php?rest_route=\/wp\/v2\/posts\/9257\/revisions"}],"predecessor-version":[{"id":9267,"href":"https:\/\/gobernacionaltaverapaz.gob.gt\/index.php?rest_route=\/wp\/v2\/posts\/9257\/revisions\/9267"}],"wp:featuredmedia":[{"embeddable":true,"href":"https:\/\/gobernacionaltaverapaz.gob.gt\/index.php?rest_route=\/wp\/v2\/media\/9260"}],"wp:attachment":[{"href":"https:\/\/gobernacionaltaverapaz.gob.gt\/index.php?rest_route=%2Fwp%2Fv2%2Fmedia&parent=9257"}],"wp:term":[{"taxonomy":"category","embeddable":true,"href":"https:\/\/gobernacionaltaverapaz.gob.gt\/index.php?rest_route=%2Fwp%2Fv2%2Fcategories&post=9257"},{"taxonomy":"post_tag","embeddable":true,"href":"https:\/\/gobernacionaltaverapaz.gob.gt\/index.php?rest_route=%2Fwp%2Fv2%2Ftags&post=9257"}],"curies":[{"name":"wp","href":"https:\/\/api.w.org\/{rel}","templated":true}]}}