{"id":9315,"date":"2020-04-23T12:41:50","date_gmt":"2020-04-23T18:41:50","guid":{"rendered":"https:\/\/gobernacionaltaverapaz.gob.gt\/?p=9315"},"modified":"2020-04-24T10:11:36","modified_gmt":"2020-04-24T16:11:36","slug":"estableciendo-las-mejores-decisiones-en-el-combate-del-covid19","status":"publish","type":"post","link":"https:\/\/gobernacionaltaverapaz.gob.gt\/?p=9315","title":{"rendered":"Estableciendo las mejores decisiones en el combate del COVID-19"},"content":{"rendered":"<p style=\"text-align: justify;\">Gobernador Departamental Ing. Rommel V\u00e9liz Castro, junto al grupo de toma decisiones de la CODRED siguen trabajando arduamente con el fin de tomar y ejecutar las mejores decisiones en el combate del COVID-19 en el Departamento.<\/p>\n<p style=\"text-align: justify;\">As\u00ed mismo, agradecemos a la coordinaci\u00f3n de las Reservas Militares de Alta Verapaz que tambi\u00e9n no ha escatimado esfuerzos para apoyar a la poblaci\u00f3n en la entrega de mascarillas, realizaci\u00f3n de programaci\u00f3n Radial comunitaria en los idiomas, espa\u00f1ol, Q\u2019eqchi y Poqomchi, entrega de bolsas con v\u00edveres a personas de la tercera edad con problemas econ\u00f3micos, perifoneo y concientizaci\u00f3n #QuedateEnCasa.<\/p>\n<p>&nbsp;<\/p>\n<div><\/div>\n","protected":false},"excerpt":{"rendered":"<p>Gobernador Departamental Ing. Rommel V\u00e9liz Castro, junto al grupo de toma decisiones de la CODRED siguen trabajando arduamente con el fin de tomar y ejecutar las mejores decisiones en el combate del COVID-19 en el Departamento. As\u00ed mismo, agradecemos a la coordinaci\u00f3n de las Reservas Militares de Alta Verapaz que tambi\u00e9n no ha escatimado esfuerzos [&hellip;]<\/p>\n","protected":false},"author":1,"featured_media":9308,"comment_status":"closed","ping_status":"open","sticky":false,"template":"","format":"gallery","meta":[],"categories":[194],"tags":[178],"_links":{"self":[{"href":"https:\/\/gobernacionaltaverapaz.gob.gt\/index.php?rest_route=\/wp\/v2\/posts\/9315"}],"collection":[{"href":"https:\/\/gobernacionaltaverapaz.gob.gt\/index.php?rest_route=\/wp\/v2\/posts"}],"about":[{"href":"https:\/\/gobernacionaltaverapaz.gob.gt\/index.php?rest_route=\/wp\/v2\/types\/post"}],"author":[{"embeddable":true,"href":"https:\/\/gobernacionaltaverapaz.gob.gt\/index.php?rest_route=\/wp\/v2\/users\/1"}],"replies":[{"embeddable":true,"href":"https:\/\/gobernacionaltaverapaz.gob.gt\/index.php?rest_route=%2Fwp%2Fv2%2Fcomments&post=9315"}],"version-history":[{"count":1,"href":"https:\/\/gobernacionaltaverapaz.gob.gt\/index.php?rest_route=\/wp\/v2\/posts\/9315\/revisions"}],"predecessor-version":[{"id":9316,"href":"https:\/\/gobernacionaltaverapaz.gob.gt\/index.php?rest_route=\/wp\/v2\/posts\/9315\/revisions\/9316"}],"wp:featuredmedia":[{"embeddable":true,"href":"https:\/\/gobernacionaltaverapaz.gob.gt\/index.php?rest_route=\/wp\/v2\/media\/9308"}],"wp:attachment":[{"href":"https:\/\/gobernacionaltaverapaz.gob.gt\/index.php?rest_route=%2Fwp%2Fv2%2Fmedia&parent=9315"}],"wp:term":[{"taxonomy":"category","embeddable":true,"href":"https:\/\/gobernacionaltaverapaz.gob.gt\/index.php?rest_route=%2Fwp%2Fv2%2Fcategories&post=9315"},{"taxonomy":"post_tag","embeddable":true,"href":"https:\/\/gobernacionaltaverapaz.gob.gt\/index.php?rest_route=%2Fwp%2Fv2%2Ftags&post=9315"}],"curies":[{"name":"wp","href":"https:\/\/api.w.org\/{rel}","templated":true}]}}