{"id":9328,"date":"2020-05-04T17:19:10","date_gmt":"2020-05-04T23:19:10","guid":{"rendered":"https:\/\/gobernacionaltaverapaz.gob.gt\/?p=9328"},"modified":"2020-05-05T08:24:05","modified_gmt":"2020-05-05T14:24:05","slug":"visita-al-mercado-temporal-talpetate-de-cobn-alta-verapaz","status":"publish","type":"post","link":"https:\/\/gobernacionaltaverapaz.gob.gt\/?p=9328","title":{"rendered":"Visita al mercado temporal Talpetate de Cob\u00e1n Alta Verapaz"},"content":{"rendered":"<p style=\"text-align: justify;\">Gobernador Departamental Ing. Romel V\u00e9liz Castro, visit\u00f3 el mercado temporal Talpetate de Cob\u00e1n Alta Verapaz, con el fin de verificar el cumplimiento de los horarios establecidos en las disposiciones establecidas por nuestro presidente Dr. Alejandro Giammattei, asimismo convers\u00f3 con vendedores que transportan alimentos hacia nuestro departamento de los mecanismos que deben practicar para la prevenci\u00f3n y el cuidado de cada uno de nuestros vecinos.<\/p>\n<p style=\"text-align: justify;\">Con relaci\u00f3n a una publicaci\u00f3<span class=\"textexposedshow\">n que realiz\u00f3 la Municipalidad de Carch\u00e1, estableciendo que el horario para el cierre de los negocios abiertos al p\u00fablico era a partir de las 16:00 hrs; el se\u00f1or Gobernador Departamental convers\u00f3 con el se\u00f1or Alcalde de dicha comuna, quien manifest\u00f3 que la publicaci\u00f3n se deriv\u00f3 de un error involuntario de redacci\u00f3n, manifestando a su vez que la municipalidad seguir\u00e1 acatando las disposiciones presidenciales por nuestro se\u00f1or presidente.<\/span><\/p>\n<div><\/div>\n","protected":false},"excerpt":{"rendered":"<p>Con el fin de verificar el cumplimiento de los horarios establecidos en las disposiciones establecidas por nuestro presidente Dr. Alejandro Giammattei.<\/p>\n","protected":false},"author":1,"featured_media":9338,"comment_status":"closed","ping_status":"open","sticky":false,"template":"","format":"gallery","meta":[],"categories":[5,197],"tags":[178],"_links":{"self":[{"href":"https:\/\/gobernacionaltaverapaz.gob.gt\/index.php?rest_route=\/wp\/v2\/posts\/9328"}],"collection":[{"href":"https:\/\/gobernacionaltaverapaz.gob.gt\/index.php?rest_route=\/wp\/v2\/posts"}],"about":[{"href":"https:\/\/gobernacionaltaverapaz.gob.gt\/index.php?rest_route=\/wp\/v2\/types\/post"}],"author":[{"embeddable":true,"href":"https:\/\/gobernacionaltaverapaz.gob.gt\/index.php?rest_route=\/wp\/v2\/users\/1"}],"replies":[{"embeddable":true,"href":"https:\/\/gobernacionaltaverapaz.gob.gt\/index.php?rest_route=%2Fwp%2Fv2%2Fcomments&post=9328"}],"version-history":[{"count":3,"href":"https:\/\/gobernacionaltaverapaz.gob.gt\/index.php?rest_route=\/wp\/v2\/posts\/9328\/revisions"}],"predecessor-version":[{"id":9342,"href":"https:\/\/gobernacionaltaverapaz.gob.gt\/index.php?rest_route=\/wp\/v2\/posts\/9328\/revisions\/9342"}],"wp:featuredmedia":[{"embeddable":true,"href":"https:\/\/gobernacionaltaverapaz.gob.gt\/index.php?rest_route=\/wp\/v2\/media\/9338"}],"wp:attachment":[{"href":"https:\/\/gobernacionaltaverapaz.gob.gt\/index.php?rest_route=%2Fwp%2Fv2%2Fmedia&parent=9328"}],"wp:term":[{"taxonomy":"category","embeddable":true,"href":"https:\/\/gobernacionaltaverapaz.gob.gt\/index.php?rest_route=%2Fwp%2Fv2%2Fcategories&post=9328"},{"taxonomy":"post_tag","embeddable":true,"href":"https:\/\/gobernacionaltaverapaz.gob.gt\/index.php?rest_route=%2Fwp%2Fv2%2Ftags&post=9328"}],"curies":[{"name":"wp","href":"https:\/\/api.w.org\/{rel}","templated":true}]}}