{"id":9355,"date":"2020-05-01T11:33:41","date_gmt":"2020-05-01T17:33:41","guid":{"rendered":"https:\/\/gobernacionaltaverapaz.gob.gt\/?p=9355"},"modified":"2020-05-05T09:02:55","modified_gmt":"2020-05-05T15:02:55","slug":"supervisin-del-vital-lquido-en-comunidad-de-tontem","status":"publish","type":"post","link":"https:\/\/gobernacionaltaverapaz.gob.gt\/?p=9355","title":{"rendered":"Supervisi\u00f3n del vital l\u00edquido en comunidad de Tontem"},"content":{"rendered":"<p style=\"text-align: justify;\">Gobernador Departamental Ing. Romel V\u00e9liz Castro, visit\u00f3 la comunidad de Tontem en donde hace algunos d\u00edas circul\u00f3 la noticia sobre el corte del vital l\u00edquido a una persona de la tercera edad.<\/p>\n<p style=\"text-align: justify;\">El d\u00eda de ayer se realizado un recorrido de verificaci\u00f3n en el sector, constando que la tuber\u00eda no fue cortada, ya que por la \u00e9poca de calor que se est\u00e1 viviendo el tanque est\u00e1 vac\u00edo y en consecuencia no llega el vital l\u00edquido a la conexi\u00f3n que tiene dicha persona, se verific\u00f3 con miem<span class=\"textexposedshow\">bros del COCODE del lugar, en la ampliaci\u00f3n de agua potable que se est\u00e1 realizado, la cual est\u00e1 en fase de prueba en el que un 25% de esa poblaci\u00f3n ser\u00e1 beneficiada ya que el nacimiento no cuenta con la capacidad para poder abastecer a m\u00e1s habitantes de acuerdo a la capacidad del mismo, tambi\u00e9n se coordin\u00f3 con los COCODES para apoyar a esta persona con el vital l\u00edquido de acuerdo a las posibilidades disponibles.<\/span><\/p>\n<div><\/div>\n","protected":false},"excerpt":{"rendered":"<p>Gobernador Departamental Ing. Romel V\u00e9liz Castro, visit\u00f3 la comunidad de Tontem en donde hace algunos d\u00edas circul\u00f3 la noticia sobre el corte del vital l\u00edquido a una persona de la tercera edad. El d\u00eda de ayer se realizado un recorrido de verificaci\u00f3n en el sector, constando que la tuber\u00eda no fue cortada, ya que por [&hellip;]<\/p>\n","protected":false},"author":1,"featured_media":9360,"comment_status":"closed","ping_status":"open","sticky":false,"template":"","format":"gallery","meta":[],"categories":[173],"tags":[178],"_links":{"self":[{"href":"https:\/\/gobernacionaltaverapaz.gob.gt\/index.php?rest_route=\/wp\/v2\/posts\/9355"}],"collection":[{"href":"https:\/\/gobernacionaltaverapaz.gob.gt\/index.php?rest_route=\/wp\/v2\/posts"}],"about":[{"href":"https:\/\/gobernacionaltaverapaz.gob.gt\/index.php?rest_route=\/wp\/v2\/types\/post"}],"author":[{"embeddable":true,"href":"https:\/\/gobernacionaltaverapaz.gob.gt\/index.php?rest_route=\/wp\/v2\/users\/1"}],"replies":[{"embeddable":true,"href":"https:\/\/gobernacionaltaverapaz.gob.gt\/index.php?rest_route=%2Fwp%2Fv2%2Fcomments&post=9355"}],"version-history":[{"count":2,"href":"https:\/\/gobernacionaltaverapaz.gob.gt\/index.php?rest_route=\/wp\/v2\/posts\/9355\/revisions"}],"predecessor-version":[{"id":9363,"href":"https:\/\/gobernacionaltaverapaz.gob.gt\/index.php?rest_route=\/wp\/v2\/posts\/9355\/revisions\/9363"}],"wp:featuredmedia":[{"embeddable":true,"href":"https:\/\/gobernacionaltaverapaz.gob.gt\/index.php?rest_route=\/wp\/v2\/media\/9360"}],"wp:attachment":[{"href":"https:\/\/gobernacionaltaverapaz.gob.gt\/index.php?rest_route=%2Fwp%2Fv2%2Fmedia&parent=9355"}],"wp:term":[{"taxonomy":"category","embeddable":true,"href":"https:\/\/gobernacionaltaverapaz.gob.gt\/index.php?rest_route=%2Fwp%2Fv2%2Fcategories&post=9355"},{"taxonomy":"post_tag","embeddable":true,"href":"https:\/\/gobernacionaltaverapaz.gob.gt\/index.php?rest_route=%2Fwp%2Fv2%2Ftags&post=9355"}],"curies":[{"name":"wp","href":"https:\/\/api.w.org\/{rel}","templated":true}]}}