{"id":9399,"date":"2020-05-13T13:47:29","date_gmt":"2020-05-13T19:47:29","guid":{"rendered":"https:\/\/gobernacionaltaverapaz.gob.gt\/?p=9399"},"modified":"2020-05-18T09:52:08","modified_gmt":"2020-05-18T15:52:08","slug":"9399","status":"publish","type":"post","link":"https:\/\/gobernacionaltaverapaz.gob.gt\/?p=9399","title":{"rendered":"Reuni\u00f3n con Alcaldes Municipales del Departamento de Alta Verapaz"},"content":{"rendered":"<p style=\"text-align: justify;\">Gobernador Departamental Ing. Romel V\u00e9liz Castro, con el grupo de toma de desiciones del COE, realizaron reuni\u00f3n con Alcaldes Municipales del Departamento de Alta Verapaz con el fin de escuchar las inquietudes y necesidades de cada municipio, donde el punto principal fue reforzar el trabajo en equipo.<\/p>\n<p style=\"text-align: justify;\">Asi mismo se socializaron los procedimientos para el cumplimiento del Decreto 12-2020 sobre el programa de asistencia alimentaria por Covid-19, tambi\u00e9n se convers\u00f3 sobre los pr<span class=\"textexposedshow\">otocolos de funcionamiento de los puestos de control de Salud Departamental y la apertura de albergues para cuarentena por posibles casos de COVID-19.<\/span><\/p>\n<p style=\"text-align: justify;\">Manifestamos un p\u00fablico agradecimiento a <a href=\"https:\/\/www.facebook.com\/GrupoHAME\/?fref=mentions&amp;__xts__%5B0%5D=68.ARDDm4aNQcp8S8knfXAXFIWj8v9by0cwZO42s0AiVk9iQ6EAAIkGpANcRErKgilaHAe1xV-idmUSlVFvgJq0NeeZyd4uilb6Yk_1OZ4nVVVdIbjNRmKXN7_PzFkCOuQN1lAxSHteLxG3EIM5XTc26UKAkoEAiMB1gkRM_jaWEoTosORxaQ3-Of0pDmbpi83FDh9_Bex0bU5l6IytFv5IYL1i2kjU0nqWdKr0BF2zZz8fif5bu-x0jCY3yVIbY55jv35KbMQzJLW2QReYXnMYBPcYrlUzy6WmBb57bQs-8qiyMA-_LSLrGQTmCJ3SsNfOPFcqJqoqoIiED5t7ccREggT4tA&amp;__tn__=K-R\" target=\"_blank\" rel=\"noopener\">Grupo HAME<\/a> por la donaci\u00f3n de term\u00f3metros digitales, los cuales fueron entregados a los Alcaldes de nuestro departamento en la reuni\u00f3n del COE desarrollado esta ma\u00f1ana.<\/p>\n<div><\/div>\n<div><\/div>\n<div>\n<p><a href=\"https:\/\/www.facebook.com\/hashtag\/unidoscontraelcoronavirus?source=feed_text&amp;epa=HASHTAG&amp;__xts__%5B0%5D=68.ARDDm4aNQcp8S8knfXAXFIWj8v9by0cwZO42s0AiVk9iQ6EAAIkGpANcRErKgilaHAe1xV-idmUSlVFvgJq0NeeZyd4uilb6Yk_1OZ4nVVVdIbjNRmKXN7_PzFkCOuQN1lAxSHteLxG3EIM5XTc26UKAkoEAiMB1gkRM_jaWEoTosORxaQ3-Of0pDmbpi83FDh9_Bex0bU5l6IytFv5IYL1i2kjU0nqWdKr0BF2zZz8fif5bu-x0jCY3yVIbY55jv35KbMQzJLW2QReYXnMYBPcYrlUzy6WmBb57bQs-8qiyMA-_LSLrGQTmCJ3SsNfOPFcqJqoqoIiED5t7ccREggT4tA&amp;__tn__=%2ANK-R\" target=\"_blank\" rel=\"noopener\"><span class=\"58cl\"><span aria-label=\"hashtag\"><span style=\"color: blue;\">#<\/span><\/span><\/span><span class=\"58cm\"><span style=\"color: blue;\">UnidosContraElCoronavirus<\/span><\/span><\/a><br \/>\n<a href=\"https:\/\/www.facebook.com\/hashtag\/juntossaldremosadelante?source=feed_text&amp;epa=HASHTAG&amp;__xts__%5B0%5D=68.ARDDm4aNQcp8S8knfXAXFIWj8v9by0cwZO42s0AiVk9iQ6EAAIkGpANcRErKgilaHAe1xV-idmUSlVFvgJq0NeeZyd4uilb6Yk_1OZ4nVVVdIbjNRmKXN7_PzFkCOuQN1lAxSHteLxG3EIM5XTc26UKAkoEAiMB1gkRM_jaWEoTosORxaQ3-Of0pDmbpi83FDh9_Bex0bU5l6IytFv5IYL1i2kjU0nqWdKr0BF2zZz8fif5bu-x0jCY3yVIbY55jv35KbMQzJLW2QReYXnMYBPcYrlUzy6WmBb57bQs-8qiyMA-_LSLrGQTmCJ3SsNfOPFcqJqoqoIiED5t7ccREggT4tA&amp;__tn__=%2ANK-R\" target=\"_blank\" rel=\"noopener\" data-ft=\"{&quot;type&quot;:104,&quot;tn&quot;:&quot;*N&quot;}\"><span class=\"58cl\"><span aria-label=\"hashtag\"><span style=\"color: blue;\">#<\/span><\/span><\/span><span class=\"58cm\"><span style=\"color: blue;\">JuntosSaldremosAdelante<\/span><\/span><\/a><\/p>\n<\/div>\n","protected":false},"excerpt":{"rendered":"<p>Gobernador Departamental Ing. Romel V\u00e9liz Castro, con el grupo de toma de desiciones del COE, realizaron reuni\u00f3n con Alcaldes Municipales del Departamento de Alta Verapaz con el fin de escuchar las inquietudes y necesidades de cada municipio, donde el punto principal fue reforzar el trabajo en equipo. Asi mismo se socializaron los procedimientos para el [&hellip;]<\/p>\n","protected":false},"author":1,"featured_media":9400,"comment_status":"closed","ping_status":"open","sticky":false,"template":"","format":"gallery","meta":[],"categories":[194],"tags":[178],"_links":{"self":[{"href":"https:\/\/gobernacionaltaverapaz.gob.gt\/index.php?rest_route=\/wp\/v2\/posts\/9399"}],"collection":[{"href":"https:\/\/gobernacionaltaverapaz.gob.gt\/index.php?rest_route=\/wp\/v2\/posts"}],"about":[{"href":"https:\/\/gobernacionaltaverapaz.gob.gt\/index.php?rest_route=\/wp\/v2\/types\/post"}],"author":[{"embeddable":true,"href":"https:\/\/gobernacionaltaverapaz.gob.gt\/index.php?rest_route=\/wp\/v2\/users\/1"}],"replies":[{"embeddable":true,"href":"https:\/\/gobernacionaltaverapaz.gob.gt\/index.php?rest_route=%2Fwp%2Fv2%2Fcomments&post=9399"}],"version-history":[{"count":3,"href":"https:\/\/gobernacionaltaverapaz.gob.gt\/index.php?rest_route=\/wp\/v2\/posts\/9399\/revisions"}],"predecessor-version":[{"id":9420,"href":"https:\/\/gobernacionaltaverapaz.gob.gt\/index.php?rest_route=\/wp\/v2\/posts\/9399\/revisions\/9420"}],"wp:featuredmedia":[{"embeddable":true,"href":"https:\/\/gobernacionaltaverapaz.gob.gt\/index.php?rest_route=\/wp\/v2\/media\/9400"}],"wp:attachment":[{"href":"https:\/\/gobernacionaltaverapaz.gob.gt\/index.php?rest_route=%2Fwp%2Fv2%2Fmedia&parent=9399"}],"wp:term":[{"taxonomy":"category","embeddable":true,"href":"https:\/\/gobernacionaltaverapaz.gob.gt\/index.php?rest_route=%2Fwp%2Fv2%2Fcategories&post=9399"},{"taxonomy":"post_tag","embeddable":true,"href":"https:\/\/gobernacionaltaverapaz.gob.gt\/index.php?rest_route=%2Fwp%2Fv2%2Ftags&post=9399"}],"curies":[{"name":"wp","href":"https:\/\/api.w.org\/{rel}","templated":true}]}}