{"id":9444,"date":"2020-05-22T16:27:27","date_gmt":"2020-05-22T22:27:27","guid":{"rendered":"https:\/\/gobernacionaltaverapaz.gob.gt\/?p=9444"},"modified":"2020-05-26T11:07:00","modified_gmt":"2020-05-26T17:07:00","slug":"conmemoracin-del-da-del-rbol","status":"publish","type":"post","link":"https:\/\/gobernacionaltaverapaz.gob.gt\/?p=9444","title":{"rendered":"Conmemoraci\u00f3n del D\u00eda del \u00c1rbol"},"content":{"rendered":"<p style=\"text-align: justify;\">Apoyando al Instituto Nacional de Bosques -INAB-, participamos en el lanzamiento del programa \u201cSembrando Huella\u201d, en conmemoraci\u00f3n del D\u00eda del \u00c1rbol.<\/p>\n<p style=\"text-align: justify;\">El se\u00f1or Gobernador Departamental Ing. Romel V\u00e9liz Castro, resalt\u00f3 la importancia de la conservaci\u00f3n y manejo de nuestros bosques naturales, adem\u00e1s del cuidado de las plantaciones de \u00e1rboles por el bien de la humanidad y de nuestro planeta. La actividad se desarroll\u00f3 con estricto cumplimiento de los protocolos para mitigar el COVID-19.<\/p>\n<p style=\"text-align: justify;\">En la actividad estuvieron presentes:<\/p>\n<p style=\"text-align: justify;\">Ing. Carlos Ernesto Archila Cardona; Director Regional del INAB en las Verapaces e Ixc\u00e1n, Mario Pacay; Atleta de \u00e9lite, Ing. Ariel Hasse; representante de la Municipalidad de Cob\u00e1n y el Ing. Pablo Valdez, Director de CONAP.<\/p>\n<p>&nbsp;<\/p>\n<div><\/div>\n","protected":false},"excerpt":{"rendered":"<p>Apoyando al Instituto Nacional de Bosques -INAB-, participamos en el lanzamiento del programa \u201cSembrando Huella\u201d, en conmemoraci\u00f3n del D\u00eda del \u00c1rbol. El se\u00f1or Gobernador Departamental Ing. Romel V\u00e9liz Castro, resalt\u00f3 la importancia de la conservaci\u00f3n y manejo de nuestros bosques naturales, adem\u00e1s del cuidado de las plantaciones de \u00e1rboles por el bien de la humanidad [&hellip;]<\/p>\n","protected":false},"author":1,"featured_media":9429,"comment_status":"closed","ping_status":"open","sticky":false,"template":"","format":"gallery","meta":[],"categories":[6],"tags":[178],"_links":{"self":[{"href":"https:\/\/gobernacionaltaverapaz.gob.gt\/index.php?rest_route=\/wp\/v2\/posts\/9444"}],"collection":[{"href":"https:\/\/gobernacionaltaverapaz.gob.gt\/index.php?rest_route=\/wp\/v2\/posts"}],"about":[{"href":"https:\/\/gobernacionaltaverapaz.gob.gt\/index.php?rest_route=\/wp\/v2\/types\/post"}],"author":[{"embeddable":true,"href":"https:\/\/gobernacionaltaverapaz.gob.gt\/index.php?rest_route=\/wp\/v2\/users\/1"}],"replies":[{"embeddable":true,"href":"https:\/\/gobernacionaltaverapaz.gob.gt\/index.php?rest_route=%2Fwp%2Fv2%2Fcomments&post=9444"}],"version-history":[{"count":1,"href":"https:\/\/gobernacionaltaverapaz.gob.gt\/index.php?rest_route=\/wp\/v2\/posts\/9444\/revisions"}],"predecessor-version":[{"id":9445,"href":"https:\/\/gobernacionaltaverapaz.gob.gt\/index.php?rest_route=\/wp\/v2\/posts\/9444\/revisions\/9445"}],"wp:featuredmedia":[{"embeddable":true,"href":"https:\/\/gobernacionaltaverapaz.gob.gt\/index.php?rest_route=\/wp\/v2\/media\/9429"}],"wp:attachment":[{"href":"https:\/\/gobernacionaltaverapaz.gob.gt\/index.php?rest_route=%2Fwp%2Fv2%2Fmedia&parent=9444"}],"wp:term":[{"taxonomy":"category","embeddable":true,"href":"https:\/\/gobernacionaltaverapaz.gob.gt\/index.php?rest_route=%2Fwp%2Fv2%2Fcategories&post=9444"},{"taxonomy":"post_tag","embeddable":true,"href":"https:\/\/gobernacionaltaverapaz.gob.gt\/index.php?rest_route=%2Fwp%2Fv2%2Ftags&post=9444"}],"curies":[{"name":"wp","href":"https:\/\/api.w.org\/{rel}","templated":true}]}}