{"id":9461,"date":"2020-05-21T20:04:37","date_gmt":"2020-05-22T02:04:37","guid":{"rendered":"https:\/\/gobernacionaltaverapaz.gob.gt\/?p=9461"},"modified":"2020-05-26T11:34:17","modified_gmt":"2020-05-26T17:34:17","slug":"entrega-de-kit-en-los-municipios-de-alta-verapaz","status":"publish","type":"post","link":"https:\/\/gobernacionaltaverapaz.gob.gt\/?p=9461","title":{"rendered":"Entrega de Kit en los municipios de Alta Verapaz"},"content":{"rendered":"<p style=\"text-align: justify;\">El d\u00eda de hoy arribaron a nuestro departamento los Kit de Alimentaci\u00f3n \u201cSALDREMOS ADELANTE\u201d, que fueron distribuidos estrat\u00e9gicamente a municipios con familias afectadas por la pandemia.<\/p>\n<p style=\"text-align: justify;\">\n<p style=\"text-align: justify;\">El se\u00f1or Gobernador Departamental Ing Romel V\u00e9liz Castro, agradece al Presidente de la Rep\u00fablica de Guatemala Dr. Alejandro Giammattei, por el apoyo que ha coordinado para nuestro Departamento. Tambi\u00e9n agradece el apoyo de las instituciones y especialmente al Ej\u00e9rcito de Guatemala por la log\u00edstica de traslado y custodia, quienes adem\u00e1s nos apoyar\u00e1n en la entrega de estos kit en las comunidades priorizadas.<\/p>\n<div><\/div>\n","protected":false},"excerpt":{"rendered":"<p>El d\u00eda de hoy arribaron a nuestro departamento los Kit de Alimentaci\u00f3n \u201cSALDREMOS ADELANTE\u201d, que fueron distribuidos estrat\u00e9gicamente a municipios con familias afectadas por la pandemia. El se\u00f1or Gobernador Departamental Ing Romel V\u00e9liz Castro, agradece al Presidente de la Rep\u00fablica de Guatemala Dr. Alejandro Giammattei, por el apoyo que ha coordinado para nuestro Departamento. Tambi\u00e9n [&hellip;]<\/p>\n","protected":false},"author":1,"featured_media":9446,"comment_status":"closed","ping_status":"open","sticky":false,"template":"","format":"gallery","meta":[],"categories":[182],"tags":[178],"_links":{"self":[{"href":"https:\/\/gobernacionaltaverapaz.gob.gt\/index.php?rest_route=\/wp\/v2\/posts\/9461"}],"collection":[{"href":"https:\/\/gobernacionaltaverapaz.gob.gt\/index.php?rest_route=\/wp\/v2\/posts"}],"about":[{"href":"https:\/\/gobernacionaltaverapaz.gob.gt\/index.php?rest_route=\/wp\/v2\/types\/post"}],"author":[{"embeddable":true,"href":"https:\/\/gobernacionaltaverapaz.gob.gt\/index.php?rest_route=\/wp\/v2\/users\/1"}],"replies":[{"embeddable":true,"href":"https:\/\/gobernacionaltaverapaz.gob.gt\/index.php?rest_route=%2Fwp%2Fv2%2Fcomments&post=9461"}],"version-history":[{"count":1,"href":"https:\/\/gobernacionaltaverapaz.gob.gt\/index.php?rest_route=\/wp\/v2\/posts\/9461\/revisions"}],"predecessor-version":[{"id":9462,"href":"https:\/\/gobernacionaltaverapaz.gob.gt\/index.php?rest_route=\/wp\/v2\/posts\/9461\/revisions\/9462"}],"wp:featuredmedia":[{"embeddable":true,"href":"https:\/\/gobernacionaltaverapaz.gob.gt\/index.php?rest_route=\/wp\/v2\/media\/9446"}],"wp:attachment":[{"href":"https:\/\/gobernacionaltaverapaz.gob.gt\/index.php?rest_route=%2Fwp%2Fv2%2Fmedia&parent=9461"}],"wp:term":[{"taxonomy":"category","embeddable":true,"href":"https:\/\/gobernacionaltaverapaz.gob.gt\/index.php?rest_route=%2Fwp%2Fv2%2Fcategories&post=9461"},{"taxonomy":"post_tag","embeddable":true,"href":"https:\/\/gobernacionaltaverapaz.gob.gt\/index.php?rest_route=%2Fwp%2Fv2%2Ftags&post=9461"}],"curies":[{"name":"wp","href":"https:\/\/api.w.org\/{rel}","templated":true}]}}