{"id":9607,"date":"2020-06-16T15:16:53","date_gmt":"2020-06-16T21:16:53","guid":{"rendered":"https:\/\/gobernacionaltaverapaz.gob.gt\/?p=9607"},"modified":"2020-06-29T16:29:38","modified_gmt":"2020-06-29T22:29:38","slug":"gobernador-departamental-realiz-recorrido-en-las-instalaciones-de-indeca","status":"publish","type":"post","link":"https:\/\/gobernacionaltaverapaz.gob.gt\/?p=9607","title":{"rendered":"Gobernador Departamental realiz\u00f3 recorrido en las instalaciones de INDECA"},"content":{"rendered":"<p style=\"text-align: justify;\">El dia de hoy el se\u00f1or Gobernador Departamental Ing. Romel V\u00e9liz Castro, realiz\u00f3 recorrido en las instalaciones de INDECA ubicado en el municipio de Tactic Alta Verapaz donde se almacenan en silos los granos b\u00e1sicos de nuestra regi\u00f3n, con el fin de verificar que los espacios sean acondicionados y \u00f3ptimos para el resguardo de alimentos que beneficiar\u00e1 a la poblaci\u00f3n afectada por el COVID-19 en el Departamento.<\/p>\n<p>&nbsp;<\/p>\n<div><\/div>\n","protected":false},"excerpt":{"rendered":"<p>El dia de hoy el se\u00f1or Gobernador Departamental Ing. Romel V\u00e9liz Castro, realiz\u00f3 recorrido en las instalaciones de INDECA ubicado en el municipio de Tactic Alta Verapaz donde se almacenan en silos los granos b\u00e1sicos de nuestra regi\u00f3n, con el fin de verificar que los espacios sean acondicionados y \u00f3ptimos para el resguardo de alimentos [&hellip;]<\/p>\n","protected":false},"author":1,"featured_media":9603,"comment_status":"closed","ping_status":"open","sticky":false,"template":"","format":"gallery","meta":[],"categories":[5],"tags":[178],"_links":{"self":[{"href":"https:\/\/gobernacionaltaverapaz.gob.gt\/index.php?rest_route=\/wp\/v2\/posts\/9607"}],"collection":[{"href":"https:\/\/gobernacionaltaverapaz.gob.gt\/index.php?rest_route=\/wp\/v2\/posts"}],"about":[{"href":"https:\/\/gobernacionaltaverapaz.gob.gt\/index.php?rest_route=\/wp\/v2\/types\/post"}],"author":[{"embeddable":true,"href":"https:\/\/gobernacionaltaverapaz.gob.gt\/index.php?rest_route=\/wp\/v2\/users\/1"}],"replies":[{"embeddable":true,"href":"https:\/\/gobernacionaltaverapaz.gob.gt\/index.php?rest_route=%2Fwp%2Fv2%2Fcomments&post=9607"}],"version-history":[{"count":1,"href":"https:\/\/gobernacionaltaverapaz.gob.gt\/index.php?rest_route=\/wp\/v2\/posts\/9607\/revisions"}],"predecessor-version":[{"id":9608,"href":"https:\/\/gobernacionaltaverapaz.gob.gt\/index.php?rest_route=\/wp\/v2\/posts\/9607\/revisions\/9608"}],"wp:featuredmedia":[{"embeddable":true,"href":"https:\/\/gobernacionaltaverapaz.gob.gt\/index.php?rest_route=\/wp\/v2\/media\/9603"}],"wp:attachment":[{"href":"https:\/\/gobernacionaltaverapaz.gob.gt\/index.php?rest_route=%2Fwp%2Fv2%2Fmedia&parent=9607"}],"wp:term":[{"taxonomy":"category","embeddable":true,"href":"https:\/\/gobernacionaltaverapaz.gob.gt\/index.php?rest_route=%2Fwp%2Fv2%2Fcategories&post=9607"},{"taxonomy":"post_tag","embeddable":true,"href":"https:\/\/gobernacionaltaverapaz.gob.gt\/index.php?rest_route=%2Fwp%2Fv2%2Ftags&post=9607"}],"curies":[{"name":"wp","href":"https:\/\/api.w.org\/{rel}","templated":true}]}}