{"id":9643,"date":"2020-07-21T10:56:09","date_gmt":"2020-07-21T16:56:09","guid":{"rendered":"https:\/\/gobernacionaltaverapaz.gob.gt\/?p=9643"},"modified":"2020-07-29T12:41:15","modified_gmt":"2020-07-29T18:41:15","slug":"se-realiz-reunin-del-coe-en-el-saln-del-coredur","status":"publish","type":"post","link":"https:\/\/gobernacionaltaverapaz.gob.gt\/?p=9643","title":{"rendered":"Se realiz\u00f3 reuni\u00f3n del COE en el sal\u00f3n del COREDUR"},"content":{"rendered":"<p style=\"text-align: justify;\">Como parte de las coordinaciones interinstitucionales se realiz\u00f3 reuni\u00f3n del COE en el sal\u00f3n del COREDUR, con el fin de seguir trabajando estrategias y planes para mitigar la pandemia COVID-19 que afecta nuestro planeta, espec\u00edficamente se trataron los temas de traslado y sepultura de personas fallecidas por o con COVID-19 y el avance del tablero de alerta Covid-19.<\/p>\n<p style=\"text-align: justify;\">Solicitamos a la poblaci\u00f3n a seguir las recomendaciones del Ministerio de salud p\u00fablica y asistencia social, por el bienestar de todos.<\/p>\n<p>&nbsp;<\/p>\n<div><\/div>\n<p>&nbsp;<\/p>\n","protected":false},"excerpt":{"rendered":"<p>Como parte de las coordinaciones interinstitucionales se realiz\u00f3 reuni\u00f3n del COE en el sal\u00f3n del COREDUR, con el fin de seguir trabajando estrategias y planes para mitigar la pandemia COVID-19 que afecta nuestro planeta, espec\u00edficamente se trataron los temas de traslado y sepultura de personas fallecidas por o con COVID-19 y el avance del tablero [&hellip;]<\/p>\n","protected":false},"author":1,"featured_media":9638,"comment_status":"closed","ping_status":"open","sticky":false,"template":"","format":"gallery","meta":[],"categories":[194],"tags":[178],"_links":{"self":[{"href":"https:\/\/gobernacionaltaverapaz.gob.gt\/index.php?rest_route=\/wp\/v2\/posts\/9643"}],"collection":[{"href":"https:\/\/gobernacionaltaverapaz.gob.gt\/index.php?rest_route=\/wp\/v2\/posts"}],"about":[{"href":"https:\/\/gobernacionaltaverapaz.gob.gt\/index.php?rest_route=\/wp\/v2\/types\/post"}],"author":[{"embeddable":true,"href":"https:\/\/gobernacionaltaverapaz.gob.gt\/index.php?rest_route=\/wp\/v2\/users\/1"}],"replies":[{"embeddable":true,"href":"https:\/\/gobernacionaltaverapaz.gob.gt\/index.php?rest_route=%2Fwp%2Fv2%2Fcomments&post=9643"}],"version-history":[{"count":1,"href":"https:\/\/gobernacionaltaverapaz.gob.gt\/index.php?rest_route=\/wp\/v2\/posts\/9643\/revisions"}],"predecessor-version":[{"id":9644,"href":"https:\/\/gobernacionaltaverapaz.gob.gt\/index.php?rest_route=\/wp\/v2\/posts\/9643\/revisions\/9644"}],"wp:featuredmedia":[{"embeddable":true,"href":"https:\/\/gobernacionaltaverapaz.gob.gt\/index.php?rest_route=\/wp\/v2\/media\/9638"}],"wp:attachment":[{"href":"https:\/\/gobernacionaltaverapaz.gob.gt\/index.php?rest_route=%2Fwp%2Fv2%2Fmedia&parent=9643"}],"wp:term":[{"taxonomy":"category","embeddable":true,"href":"https:\/\/gobernacionaltaverapaz.gob.gt\/index.php?rest_route=%2Fwp%2Fv2%2Fcategories&post=9643"},{"taxonomy":"post_tag","embeddable":true,"href":"https:\/\/gobernacionaltaverapaz.gob.gt\/index.php?rest_route=%2Fwp%2Fv2%2Ftags&post=9643"}],"curies":[{"name":"wp","href":"https:\/\/api.w.org\/{rel}","templated":true}]}}