{"id":9645,"date":"2020-07-20T20:15:45","date_gmt":"2020-07-21T02:15:45","guid":{"rendered":"https:\/\/gobernacionaltaverapaz.gob.gt\/?p=9645"},"modified":"2020-07-29T14:22:15","modified_gmt":"2020-07-29T20:22:15","slug":"reunimos-de-diferentes-instituciones","status":"publish","type":"post","link":"https:\/\/gobernacionaltaverapaz.gob.gt\/?p=9645","title":{"rendered":"Reunimos de diferentes instituciones"},"content":{"rendered":"<p style=\"text-align: justify;\">Hoy nos reunimos diferentes instituciones que velan por la seguridad p\u00fablica y ciudadana en nuestro departamento, tambi\u00e9n nos acompa\u00f1aron las instancias que velan por los Derechos Humanos con el fin de analizar, estudiar e implementar estrategias durante el Estado de Sitio en los municipios de Panzos y La Tinta (Alta Verapaz).<\/p>\n<p style=\"text-align: justify;\">El General de Divisi\u00f3n HUGO ROBERTO URBINA MARROQUIN Jefe del Estado Mayor de la Defensa Nacional, recalc\u00f3 la importancia de brindar seguridad a los buenos ciudadanos y actuar apegados a los Derechos de cada uno de los habitantes. Por mi parte; inst\u00e9 a cada una de las instituciones a trabajar en equipo con el fin de cumplir con las disposiciones para recuperar la Gobernabilidad y el Estado de Derecho.<\/p>\n<p>&nbsp;<\/p>\n<div><\/div>\n<p>&nbsp;<\/p>\n<div><\/div>\n","protected":false},"excerpt":{"rendered":"<p>Hoy nos reunimos diferentes instituciones que velan por la seguridad p\u00fablica y ciudadana en nuestro departamento, tambi\u00e9n nos acompa\u00f1aron las instancias que velan por los Derechos Humanos con el fin de analizar, estudiar e implementar estrategias durante el Estado de Sitio en los municipios de Panzos y La Tinta (Alta Verapaz). El General de Divisi\u00f3n [&hellip;]<\/p>\n","protected":false},"author":1,"featured_media":9646,"comment_status":"closed","ping_status":"open","sticky":false,"template":"","format":"gallery","meta":[],"categories":[194],"tags":[178],"_links":{"self":[{"href":"https:\/\/gobernacionaltaverapaz.gob.gt\/index.php?rest_route=\/wp\/v2\/posts\/9645"}],"collection":[{"href":"https:\/\/gobernacionaltaverapaz.gob.gt\/index.php?rest_route=\/wp\/v2\/posts"}],"about":[{"href":"https:\/\/gobernacionaltaverapaz.gob.gt\/index.php?rest_route=\/wp\/v2\/types\/post"}],"author":[{"embeddable":true,"href":"https:\/\/gobernacionaltaverapaz.gob.gt\/index.php?rest_route=\/wp\/v2\/users\/1"}],"replies":[{"embeddable":true,"href":"https:\/\/gobernacionaltaverapaz.gob.gt\/index.php?rest_route=%2Fwp%2Fv2%2Fcomments&post=9645"}],"version-history":[{"count":2,"href":"https:\/\/gobernacionaltaverapaz.gob.gt\/index.php?rest_route=\/wp\/v2\/posts\/9645\/revisions"}],"predecessor-version":[{"id":9656,"href":"https:\/\/gobernacionaltaverapaz.gob.gt\/index.php?rest_route=\/wp\/v2\/posts\/9645\/revisions\/9656"}],"wp:featuredmedia":[{"embeddable":true,"href":"https:\/\/gobernacionaltaverapaz.gob.gt\/index.php?rest_route=\/wp\/v2\/media\/9646"}],"wp:attachment":[{"href":"https:\/\/gobernacionaltaverapaz.gob.gt\/index.php?rest_route=%2Fwp%2Fv2%2Fmedia&parent=9645"}],"wp:term":[{"taxonomy":"category","embeddable":true,"href":"https:\/\/gobernacionaltaverapaz.gob.gt\/index.php?rest_route=%2Fwp%2Fv2%2Fcategories&post=9645"},{"taxonomy":"post_tag","embeddable":true,"href":"https:\/\/gobernacionaltaverapaz.gob.gt\/index.php?rest_route=%2Fwp%2Fv2%2Ftags&post=9645"}],"curies":[{"name":"wp","href":"https:\/\/api.w.org\/{rel}","templated":true}]}}