{"id":9670,"date":"2020-07-14T14:46:07","date_gmt":"2020-07-14T20:46:07","guid":{"rendered":"https:\/\/gobernacionaltaverapaz.gob.gt\/?p=9670"},"modified":"2020-07-29T16:15:38","modified_gmt":"2020-07-29T22:15:38","slug":"gobernador-departamental-visit-las-instalaciones-de-indeca-en-el-municipio-de-tactic","status":"publish","type":"post","link":"https:\/\/gobernacionaltaverapaz.gob.gt\/?p=9670","title":{"rendered":"Gobernador Departamental visit\u00f3 las instalaciones de INDECA en el municipio de Tactic"},"content":{"rendered":"<p style=\"text-align: justify;\">El Se\u00f1or Gobernador Departamental Ing. Romel V\u00e9liz Castro, visit\u00f3 las instalaciones de INDECA en el municipio de Tactic Alta Verapaz; donde se almacenan en silos los granos b\u00e1sicos de nuestra regi\u00f3n, tambi\u00e9n productos no perecederos para los diferentes programas de Gobierno que ser\u00e1n utilizados para la poblaci\u00f3n m\u00e1s vulnerable del Departamento de Alta y Baja Verapaz.<\/p>\n<div><\/div>\n","protected":false},"excerpt":{"rendered":"<p>El Se\u00f1or Gobernador Departamental Ing. Romel V\u00e9liz Castro, visit\u00f3 las instalaciones de INDECA en el municipio de Tactic Alta Verapaz; donde se almacenan en silos los granos b\u00e1sicos de nuestra regi\u00f3n, tambi\u00e9n productos no perecederos para los diferentes programas de Gobierno que ser\u00e1n utilizados para la poblaci\u00f3n m\u00e1s vulnerable del Departamento de Alta y Baja [&hellip;]<\/p>\n","protected":false},"author":1,"featured_media":9663,"comment_status":"closed","ping_status":"open","sticky":false,"template":"","format":"gallery","meta":[],"categories":[182],"tags":[178],"_links":{"self":[{"href":"https:\/\/gobernacionaltaverapaz.gob.gt\/index.php?rest_route=\/wp\/v2\/posts\/9670"}],"collection":[{"href":"https:\/\/gobernacionaltaverapaz.gob.gt\/index.php?rest_route=\/wp\/v2\/posts"}],"about":[{"href":"https:\/\/gobernacionaltaverapaz.gob.gt\/index.php?rest_route=\/wp\/v2\/types\/post"}],"author":[{"embeddable":true,"href":"https:\/\/gobernacionaltaverapaz.gob.gt\/index.php?rest_route=\/wp\/v2\/users\/1"}],"replies":[{"embeddable":true,"href":"https:\/\/gobernacionaltaverapaz.gob.gt\/index.php?rest_route=%2Fwp%2Fv2%2Fcomments&post=9670"}],"version-history":[{"count":1,"href":"https:\/\/gobernacionaltaverapaz.gob.gt\/index.php?rest_route=\/wp\/v2\/posts\/9670\/revisions"}],"predecessor-version":[{"id":9671,"href":"https:\/\/gobernacionaltaverapaz.gob.gt\/index.php?rest_route=\/wp\/v2\/posts\/9670\/revisions\/9671"}],"wp:featuredmedia":[{"embeddable":true,"href":"https:\/\/gobernacionaltaverapaz.gob.gt\/index.php?rest_route=\/wp\/v2\/media\/9663"}],"wp:attachment":[{"href":"https:\/\/gobernacionaltaverapaz.gob.gt\/index.php?rest_route=%2Fwp%2Fv2%2Fmedia&parent=9670"}],"wp:term":[{"taxonomy":"category","embeddable":true,"href":"https:\/\/gobernacionaltaverapaz.gob.gt\/index.php?rest_route=%2Fwp%2Fv2%2Fcategories&post=9670"},{"taxonomy":"post_tag","embeddable":true,"href":"https:\/\/gobernacionaltaverapaz.gob.gt\/index.php?rest_route=%2Fwp%2Fv2%2Ftags&post=9670"}],"curies":[{"name":"wp","href":"https:\/\/api.w.org\/{rel}","templated":true}]}}