{"id":9686,"date":"2020-08-01T19:05:10","date_gmt":"2020-08-02T01:05:10","guid":{"rendered":"https:\/\/gobernacionaltaverapaz.gob.gt\/?p=9686"},"modified":"2020-08-03T09:23:27","modified_gmt":"2020-08-03T15:23:27","slug":"reunin-de-trabajo-con-la-seora-subsecretaria-presidencial-de-la-mujer","status":"publish","type":"post","link":"https:\/\/gobernacionaltaverapaz.gob.gt\/?p=9686","title":{"rendered":"Reuni\u00f3n de trabajo con Subsecretaria Presidencial de la Mujer"},"content":{"rendered":"<p style=\"text-align: justify;\">En reuni\u00f3n de trabajo con la se\u00f1ora Subsecretaria Presidencial de la Mujer Silvia Alejandra Hern\u00e1ndez Chinchilla, abordamos la tem\u00e1tica relacionada a la reactivaci\u00f3n de los nueve Hogares Maternos edificados en distintos municipios de Alta Verapaz. Tambi\u00e9n analizamos la viabilidad de estrategias relacionadas a la tutela de la ni\u00f1ez y adolescencia v\u00edctimas de violencia en todas sus manifestaciones.<\/p>\n<p style=\"text-align: justify;\">Las mujeres constituyen un pilar fundamental para el desarrollo de nuestros municipios y representan un basti\u00f3n para los hogares nucleares.<\/p>\n<p>&nbsp;<\/p>\n<div>\n<div><\/div>\n<\/div>\n","protected":false},"excerpt":{"rendered":"<p>En reuni\u00f3n de trabajo con la se\u00f1ora Subsecretaria Presidencial de la Mujer Silvia Alejandra Hern\u00e1ndez Chinchilla, abordamos la tem\u00e1tica relacionada a la reactivaci\u00f3n de los nueve Hogares Maternos edificados en distintos municipios de Alta Verapaz. Tambi\u00e9n analizamos la viabilidad de estrategias relacionadas a la tutela de la ni\u00f1ez y adolescencia v\u00edctimas de violencia en todas [&hellip;]<\/p>\n","protected":false},"author":1,"featured_media":9679,"comment_status":"closed","ping_status":"open","sticky":false,"template":"","format":"gallery","meta":[],"categories":[194],"tags":[178],"_links":{"self":[{"href":"https:\/\/gobernacionaltaverapaz.gob.gt\/index.php?rest_route=\/wp\/v2\/posts\/9686"}],"collection":[{"href":"https:\/\/gobernacionaltaverapaz.gob.gt\/index.php?rest_route=\/wp\/v2\/posts"}],"about":[{"href":"https:\/\/gobernacionaltaverapaz.gob.gt\/index.php?rest_route=\/wp\/v2\/types\/post"}],"author":[{"embeddable":true,"href":"https:\/\/gobernacionaltaverapaz.gob.gt\/index.php?rest_route=\/wp\/v2\/users\/1"}],"replies":[{"embeddable":true,"href":"https:\/\/gobernacionaltaverapaz.gob.gt\/index.php?rest_route=%2Fwp%2Fv2%2Fcomments&post=9686"}],"version-history":[{"count":4,"href":"https:\/\/gobernacionaltaverapaz.gob.gt\/index.php?rest_route=\/wp\/v2\/posts\/9686\/revisions"}],"predecessor-version":[{"id":9690,"href":"https:\/\/gobernacionaltaverapaz.gob.gt\/index.php?rest_route=\/wp\/v2\/posts\/9686\/revisions\/9690"}],"wp:featuredmedia":[{"embeddable":true,"href":"https:\/\/gobernacionaltaverapaz.gob.gt\/index.php?rest_route=\/wp\/v2\/media\/9679"}],"wp:attachment":[{"href":"https:\/\/gobernacionaltaverapaz.gob.gt\/index.php?rest_route=%2Fwp%2Fv2%2Fmedia&parent=9686"}],"wp:term":[{"taxonomy":"category","embeddable":true,"href":"https:\/\/gobernacionaltaverapaz.gob.gt\/index.php?rest_route=%2Fwp%2Fv2%2Fcategories&post=9686"},{"taxonomy":"post_tag","embeddable":true,"href":"https:\/\/gobernacionaltaverapaz.gob.gt\/index.php?rest_route=%2Fwp%2Fv2%2Ftags&post=9686"}],"curies":[{"name":"wp","href":"https:\/\/api.w.org\/{rel}","templated":true}]}}