{"id":9713,"date":"2020-07-31T09:03:22","date_gmt":"2020-07-31T15:03:22","guid":{"rendered":"https:\/\/gobernacionaltaverapaz.gob.gt\/?p=9713"},"modified":"2020-08-03T10:06:00","modified_gmt":"2020-08-03T16:06:00","slug":"reunin-de-la-cad","status":"publish","type":"post","link":"https:\/\/gobernacionaltaverapaz.gob.gt\/?p=9713","title":{"rendered":"Reuni\u00f3n de la CAD"},"content":{"rendered":"<p style=\"text-align: justify;\">Como parte del seguimiento al conflicto agrario que se vive en las comunidades del ESFUERZO II Y SAN SEBASTIAN del municipio de Raxruh\u00e0, el d\u00eda de hoy se llev\u00f3 acabo reuni\u00f3n de la CAD donde el Gobernador Departamental Ing. Romel Manuel Veliz Castro dirige la institucionalidad agraria para la resoluci\u00f3n de conflictos en nuestro Departamento, la Comisi\u00f3n Agraria Departamental resuelve con criterios t\u00e9cnicos a trav\u00e9s de m\u00e9todos alternativos la resoluci\u00f3n y transformaci\u00f3n de conflictos.<\/p>\n<p style=\"text-align: justify;\">En la mesa t\u00e9cnica particip\u00f3 el se\u00f1or Alcalde del Municipio de Raxruh\u00e1 Carlos Tut con el fin de darle seguimiento y una soluci\u00f3n viable a la situaci\u00f3n que se vive en su municipio.<\/p>\n<p>&nbsp;<\/p>\n<div><\/div>\n","protected":false},"excerpt":{"rendered":"<p>Como parte del seguimiento al conflicto agrario que se vive en las comunidades del ESFUERZO II Y SAN SEBASTIAN del municipio de Raxruh\u00e0, el d\u00eda de hoy se llev\u00f3 acabo reuni\u00f3n de la CAD donde el Gobernador Departamental Ing. Romel Manuel Veliz Castro dirige la institucionalidad agraria para la resoluci\u00f3n de conflictos en nuestro Departamento, [&hellip;]<\/p>\n","protected":false},"author":1,"featured_media":9704,"comment_status":"closed","ping_status":"open","sticky":false,"template":"","format":"gallery","meta":[],"categories":[194],"tags":[178],"_links":{"self":[{"href":"https:\/\/gobernacionaltaverapaz.gob.gt\/index.php?rest_route=\/wp\/v2\/posts\/9713"}],"collection":[{"href":"https:\/\/gobernacionaltaverapaz.gob.gt\/index.php?rest_route=\/wp\/v2\/posts"}],"about":[{"href":"https:\/\/gobernacionaltaverapaz.gob.gt\/index.php?rest_route=\/wp\/v2\/types\/post"}],"author":[{"embeddable":true,"href":"https:\/\/gobernacionaltaverapaz.gob.gt\/index.php?rest_route=\/wp\/v2\/users\/1"}],"replies":[{"embeddable":true,"href":"https:\/\/gobernacionaltaverapaz.gob.gt\/index.php?rest_route=%2Fwp%2Fv2%2Fcomments&post=9713"}],"version-history":[{"count":1,"href":"https:\/\/gobernacionaltaverapaz.gob.gt\/index.php?rest_route=\/wp\/v2\/posts\/9713\/revisions"}],"predecessor-version":[{"id":9714,"href":"https:\/\/gobernacionaltaverapaz.gob.gt\/index.php?rest_route=\/wp\/v2\/posts\/9713\/revisions\/9714"}],"wp:featuredmedia":[{"embeddable":true,"href":"https:\/\/gobernacionaltaverapaz.gob.gt\/index.php?rest_route=\/wp\/v2\/media\/9704"}],"wp:attachment":[{"href":"https:\/\/gobernacionaltaverapaz.gob.gt\/index.php?rest_route=%2Fwp%2Fv2%2Fmedia&parent=9713"}],"wp:term":[{"taxonomy":"category","embeddable":true,"href":"https:\/\/gobernacionaltaverapaz.gob.gt\/index.php?rest_route=%2Fwp%2Fv2%2Fcategories&post=9713"},{"taxonomy":"post_tag","embeddable":true,"href":"https:\/\/gobernacionaltaverapaz.gob.gt\/index.php?rest_route=%2Fwp%2Fv2%2Ftags&post=9713"}],"curies":[{"name":"wp","href":"https:\/\/api.w.org\/{rel}","templated":true}]}}