{"id":9754,"date":"2020-08-10T11:19:05","date_gmt":"2020-08-10T17:19:05","guid":{"rendered":"https:\/\/gobernacionaltaverapaz.gob.gt\/?p=9754"},"modified":"2020-08-14T12:23:49","modified_gmt":"2020-08-14T18:23:49","slug":"se-coordin-la-rehabilitacin-de-daos-ocasionados-por-deslizamiento-geolgico","status":"publish","type":"post","link":"https:\/\/gobernacionaltaverapaz.gob.gt\/?p=9754","title":{"rendered":"Se coordin\u00f3 la rehabilitaci\u00f3n de da\u00f1os ocasionados por deslizamiento geol\u00f3gico"},"content":{"rendered":"<p style=\"text-align: justify;\">Gobernador Departamental Ing. Romel V\u00e9liz Castro, coordin\u00f3 la rehabilitaci\u00f3n de da\u00f1os ocasionados por deslizamiento geol\u00f3gico registrado en el km 198 RN-7E, aldea Popabaj Tamah\u00fa, Alta Verapaz; donde se coordin\u00f3 apoyo con el Alcalde Municipal Lic. Eduardo Moll y autoridades de CONRED quienes realizaron evaluaci\u00f3n de Da\u00f1os y An\u00e1lisis con acompa\u00f1amiento del Ministerio de Salud y COCODE.<\/p>\n<p style=\"text-align: justify;\">La Zona Vial de Caminos se encuentra en el lugar trabajando para habilitar el paso.<\/p>\n<p>&nbsp;<\/p>\n<div><\/div>\n<p>&nbsp;<\/p>\n<p>&nbsp;<\/p>\n","protected":false},"excerpt":{"rendered":"<p>Gobernador Departamental Ing. Romel V\u00e9liz Castro, coordin\u00f3 la rehabilitaci\u00f3n de da\u00f1os ocasionados por deslizamiento geol\u00f3gico registrado en el km 198 RN-7E, aldea Popabaj Tamah\u00fa, Alta Verapaz; donde se coordin\u00f3 apoyo con el Alcalde Municipal Lic. Eduardo Moll y autoridades de CONRED quienes realizaron evaluaci\u00f3n de Da\u00f1os y An\u00e1lisis con acompa\u00f1amiento del Ministerio de Salud y [&hellip;]<\/p>\n","protected":false},"author":1,"featured_media":9746,"comment_status":"closed","ping_status":"open","sticky":false,"template":"","format":"gallery","meta":[],"categories":[195],"tags":[178],"_links":{"self":[{"href":"https:\/\/gobernacionaltaverapaz.gob.gt\/index.php?rest_route=\/wp\/v2\/posts\/9754"}],"collection":[{"href":"https:\/\/gobernacionaltaverapaz.gob.gt\/index.php?rest_route=\/wp\/v2\/posts"}],"about":[{"href":"https:\/\/gobernacionaltaverapaz.gob.gt\/index.php?rest_route=\/wp\/v2\/types\/post"}],"author":[{"embeddable":true,"href":"https:\/\/gobernacionaltaverapaz.gob.gt\/index.php?rest_route=\/wp\/v2\/users\/1"}],"replies":[{"embeddable":true,"href":"https:\/\/gobernacionaltaverapaz.gob.gt\/index.php?rest_route=%2Fwp%2Fv2%2Fcomments&post=9754"}],"version-history":[{"count":1,"href":"https:\/\/gobernacionaltaverapaz.gob.gt\/index.php?rest_route=\/wp\/v2\/posts\/9754\/revisions"}],"predecessor-version":[{"id":9755,"href":"https:\/\/gobernacionaltaverapaz.gob.gt\/index.php?rest_route=\/wp\/v2\/posts\/9754\/revisions\/9755"}],"wp:featuredmedia":[{"embeddable":true,"href":"https:\/\/gobernacionaltaverapaz.gob.gt\/index.php?rest_route=\/wp\/v2\/media\/9746"}],"wp:attachment":[{"href":"https:\/\/gobernacionaltaverapaz.gob.gt\/index.php?rest_route=%2Fwp%2Fv2%2Fmedia&parent=9754"}],"wp:term":[{"taxonomy":"category","embeddable":true,"href":"https:\/\/gobernacionaltaverapaz.gob.gt\/index.php?rest_route=%2Fwp%2Fv2%2Fcategories&post=9754"},{"taxonomy":"post_tag","embeddable":true,"href":"https:\/\/gobernacionaltaverapaz.gob.gt\/index.php?rest_route=%2Fwp%2Fv2%2Ftags&post=9754"}],"curies":[{"name":"wp","href":"https:\/\/api.w.org\/{rel}","templated":true}]}}