{"id":9770,"date":"2020-08-08T20:22:07","date_gmt":"2020-08-09T02:22:07","guid":{"rendered":"https:\/\/gobernacionaltaverapaz.gob.gt\/?p=9770"},"modified":"2020-08-14T13:00:45","modified_gmt":"2020-08-14T19:00:45","slug":"reunin-con-las-autoridades-de-la-localidad-para-dialogar-soluciones","status":"publish","type":"post","link":"https:\/\/gobernacionaltaverapaz.gob.gt\/?p=9770","title":{"rendered":"Reuni\u00f3n con las autoridades de la localidad para dialogar soluciones"},"content":{"rendered":"<p style=\"text-align: justify;\">Gobernador Departamental de Alta Verapaz, Ing. Romel V\u00e9liz Castro acompa\u00f1\u00f3 a la Gobernadora de Baja Verapaz, Licda. Mar\u00eda Rubidia Ascensio para atender el deslave ocurrido en el km. 163 en la aldea Rinc\u00f3n del Quetzal, Purulh\u00e1, Baja Verapaz.<\/p>\n<p style=\"text-align: justify;\">Asimismo el Ministro de Comunicaciones, Ing. Josu\u00e9 Lemus, estuvo gestionando los trabajos para habilitar el paso y asisti\u00f3 al sal\u00f3n municipal de Purulh\u00e1, Baja Verapaz, a una reuni\u00f3n con las autoridades de la localidad para dialogar soluciones y el respaldo a los damnificados por el socavamiento que se present\u00f3 en el km. 163 de la ruta CA-14<\/p>\n<div><\/div>\n","protected":false},"excerpt":{"rendered":"<p>Gobernador Departamental de Alta Verapaz, Ing. Romel V\u00e9liz Castro acompa\u00f1\u00f3 a la Gobernadora de Baja Verapaz, Licda. Mar\u00eda Rubidia Ascensio para atender el deslave ocurrido en el km. 163 en la aldea Rinc\u00f3n del Quetzal, Purulh\u00e1, Baja Verapaz. Asimismo el Ministro de Comunicaciones, Ing. Josu\u00e9 Lemus, estuvo gestionando los trabajos para habilitar el paso y [&hellip;]<\/p>\n","protected":false},"author":1,"featured_media":9756,"comment_status":"closed","ping_status":"open","sticky":false,"template":"","format":"gallery","meta":[],"categories":[194],"tags":[178],"_links":{"self":[{"href":"https:\/\/gobernacionaltaverapaz.gob.gt\/index.php?rest_route=\/wp\/v2\/posts\/9770"}],"collection":[{"href":"https:\/\/gobernacionaltaverapaz.gob.gt\/index.php?rest_route=\/wp\/v2\/posts"}],"about":[{"href":"https:\/\/gobernacionaltaverapaz.gob.gt\/index.php?rest_route=\/wp\/v2\/types\/post"}],"author":[{"embeddable":true,"href":"https:\/\/gobernacionaltaverapaz.gob.gt\/index.php?rest_route=\/wp\/v2\/users\/1"}],"replies":[{"embeddable":true,"href":"https:\/\/gobernacionaltaverapaz.gob.gt\/index.php?rest_route=%2Fwp%2Fv2%2Fcomments&post=9770"}],"version-history":[{"count":1,"href":"https:\/\/gobernacionaltaverapaz.gob.gt\/index.php?rest_route=\/wp\/v2\/posts\/9770\/revisions"}],"predecessor-version":[{"id":9771,"href":"https:\/\/gobernacionaltaverapaz.gob.gt\/index.php?rest_route=\/wp\/v2\/posts\/9770\/revisions\/9771"}],"wp:featuredmedia":[{"embeddable":true,"href":"https:\/\/gobernacionaltaverapaz.gob.gt\/index.php?rest_route=\/wp\/v2\/media\/9756"}],"wp:attachment":[{"href":"https:\/\/gobernacionaltaverapaz.gob.gt\/index.php?rest_route=%2Fwp%2Fv2%2Fmedia&parent=9770"}],"wp:term":[{"taxonomy":"category","embeddable":true,"href":"https:\/\/gobernacionaltaverapaz.gob.gt\/index.php?rest_route=%2Fwp%2Fv2%2Fcategories&post=9770"},{"taxonomy":"post_tag","embeddable":true,"href":"https:\/\/gobernacionaltaverapaz.gob.gt\/index.php?rest_route=%2Fwp%2Fv2%2Ftags&post=9770"}],"curies":[{"name":"wp","href":"https:\/\/api.w.org\/{rel}","templated":true}]}}