{"id":9816,"date":"2020-09-14T21:06:36","date_gmt":"2020-09-15T03:06:36","guid":{"rendered":"https:\/\/gobernacionaltaverapaz.gob.gt\/?p=9816"},"modified":"2020-09-15T10:52:57","modified_gmt":"2020-09-15T16:52:57","slug":"15-de-septiembre-da-en-conmemoramos-la-emancipacin-poltica-de-nuestro-pas","status":"publish","type":"post","link":"https:\/\/gobernacionaltaverapaz.gob.gt\/?p=9816","title":{"rendered":"15 de septiembre d\u00eda en que conmemoramos la emancipaci\u00f3n pol\u00edtica de nuestro pa\u00eds"},"content":{"rendered":"<p>15 de septiembre, d\u00eda en que conmemoramos la emancipaci\u00f3n pol\u00edtica de nuestro pa\u00eds; estamos llamados a promover la Unidad y la Paz para nuestros pueblos!.<\/p>\n<p>\u201cGuatemala bella y hermosa, como t\u00fa ninguna, bendita por tus frutos y manos trabajadoras\u201d.<\/p>\n<p>Ing. Romel Manuel Veliz Castro<\/p>\n<p>Gobernador Departamental de Alta Verapaz.<\/p>\n<p>\u00a1V\u00cdVA GUATEMALA!.<\/p>\n<div><\/div>\n","protected":false},"excerpt":{"rendered":"<p>15 de septiembre, d\u00eda en que conmemoramos la emancipaci\u00f3n pol\u00edtica de nuestro pa\u00eds; estamos llamados a promover la Unidad y la Paz para nuestros pueblos!. \u201cGuatemala bella y hermosa, como t\u00fa ninguna, bendita por tus frutos y manos trabajadoras\u201d. Ing. Romel Manuel Veliz Castro Gobernador Departamental de Alta Verapaz. \u00a1V\u00cdVA GUATEMALA!.<\/p>\n","protected":false},"author":1,"featured_media":9800,"comment_status":"closed","ping_status":"open","sticky":false,"template":"","format":"gallery","meta":[],"categories":[2],"tags":[178],"_links":{"self":[{"href":"https:\/\/gobernacionaltaverapaz.gob.gt\/index.php?rest_route=\/wp\/v2\/posts\/9816"}],"collection":[{"href":"https:\/\/gobernacionaltaverapaz.gob.gt\/index.php?rest_route=\/wp\/v2\/posts"}],"about":[{"href":"https:\/\/gobernacionaltaverapaz.gob.gt\/index.php?rest_route=\/wp\/v2\/types\/post"}],"author":[{"embeddable":true,"href":"https:\/\/gobernacionaltaverapaz.gob.gt\/index.php?rest_route=\/wp\/v2\/users\/1"}],"replies":[{"embeddable":true,"href":"https:\/\/gobernacionaltaverapaz.gob.gt\/index.php?rest_route=%2Fwp%2Fv2%2Fcomments&post=9816"}],"version-history":[{"count":1,"href":"https:\/\/gobernacionaltaverapaz.gob.gt\/index.php?rest_route=\/wp\/v2\/posts\/9816\/revisions"}],"predecessor-version":[{"id":9817,"href":"https:\/\/gobernacionaltaverapaz.gob.gt\/index.php?rest_route=\/wp\/v2\/posts\/9816\/revisions\/9817"}],"wp:featuredmedia":[{"embeddable":true,"href":"https:\/\/gobernacionaltaverapaz.gob.gt\/index.php?rest_route=\/wp\/v2\/media\/9800"}],"wp:attachment":[{"href":"https:\/\/gobernacionaltaverapaz.gob.gt\/index.php?rest_route=%2Fwp%2Fv2%2Fmedia&parent=9816"}],"wp:term":[{"taxonomy":"category","embeddable":true,"href":"https:\/\/gobernacionaltaverapaz.gob.gt\/index.php?rest_route=%2Fwp%2Fv2%2Fcategories&post=9816"},{"taxonomy":"post_tag","embeddable":true,"href":"https:\/\/gobernacionaltaverapaz.gob.gt\/index.php?rest_route=%2Fwp%2Fv2%2Ftags&post=9816"}],"curies":[{"name":"wp","href":"https:\/\/api.w.org\/{rel}","templated":true}]}}