{"id":9829,"date":"2020-09-13T13:51:18","date_gmt":"2020-09-13T19:51:18","guid":{"rendered":"https:\/\/gobernacionaltaverapaz.gob.gt\/?p=9829"},"modified":"2020-09-15T12:19:12","modified_gmt":"2020-09-15T18:19:12","slug":"civ-verifica-puente-cahaboncito","status":"publish","type":"post","link":"https:\/\/gobernacionaltaverapaz.gob.gt\/?p=9829","title":{"rendered":"CIV Verifica Puente Cahaboncito"},"content":{"rendered":"<p style=\"text-align: justify;\">Como parte del plan estrat\u00e9gico del ministro de Comunicaciones Ing. Josu\u00e9 Lemus y tomando acciones en el campo, el se\u00f1or Viceministro de Infraestructura Roberto Erazo, verific\u00f3 los da\u00f1os a la losa del puente Cahaboncito, ubicado sobre la RN-7E en el tramo: Panzos &#8211; El Estor Izabal, donde comprob\u00f3 los da\u00f1os severos a la loza del mismo.<\/p>\n<p style=\"text-align: justify;\">Dando indicaciones para que los trabajos de reparaci\u00f3n se inicien el martes 15 de septiembre a partir de las 18:00 hrs. hasta el domingo 20 del presente mes.<\/p>\n<p style=\"text-align: justify;\">Para realizar en un tiempo corto los trabajos de reparaci\u00f3n se contar\u00e1 con el apoyo de personal de Mayaniquel, Rodio Swissboring y la Zona Vial 7 de la DGC de Alta Verapaz.<\/p>\n<div><\/div>\n<p>&nbsp;<\/p>\n<div><\/div>\n","protected":false},"excerpt":{"rendered":"<p>Como parte del plan estrat\u00e9gico del ministro de Comunicaciones Ing. Josu\u00e9 Lemus y tomando acciones en el campo, el se\u00f1or Viceministro de Infraestructura Roberto Erazo, verific\u00f3 los da\u00f1os a la losa del puente Cahaboncito, ubicado sobre la RN-7E en el tramo: Panzos &#8211; El Estor Izabal, donde comprob\u00f3 los da\u00f1os severos a la loza del [&hellip;]<\/p>\n","protected":false},"author":1,"featured_media":9830,"comment_status":"closed","ping_status":"open","sticky":false,"template":"","format":"gallery","meta":[],"categories":[195],"tags":[178],"_links":{"self":[{"href":"https:\/\/gobernacionaltaverapaz.gob.gt\/index.php?rest_route=\/wp\/v2\/posts\/9829"}],"collection":[{"href":"https:\/\/gobernacionaltaverapaz.gob.gt\/index.php?rest_route=\/wp\/v2\/posts"}],"about":[{"href":"https:\/\/gobernacionaltaverapaz.gob.gt\/index.php?rest_route=\/wp\/v2\/types\/post"}],"author":[{"embeddable":true,"href":"https:\/\/gobernacionaltaverapaz.gob.gt\/index.php?rest_route=\/wp\/v2\/users\/1"}],"replies":[{"embeddable":true,"href":"https:\/\/gobernacionaltaverapaz.gob.gt\/index.php?rest_route=%2Fwp%2Fv2%2Fcomments&post=9829"}],"version-history":[{"count":2,"href":"https:\/\/gobernacionaltaverapaz.gob.gt\/index.php?rest_route=\/wp\/v2\/posts\/9829\/revisions"}],"predecessor-version":[{"id":9838,"href":"https:\/\/gobernacionaltaverapaz.gob.gt\/index.php?rest_route=\/wp\/v2\/posts\/9829\/revisions\/9838"}],"wp:featuredmedia":[{"embeddable":true,"href":"https:\/\/gobernacionaltaverapaz.gob.gt\/index.php?rest_route=\/wp\/v2\/media\/9830"}],"wp:attachment":[{"href":"https:\/\/gobernacionaltaverapaz.gob.gt\/index.php?rest_route=%2Fwp%2Fv2%2Fmedia&parent=9829"}],"wp:term":[{"taxonomy":"category","embeddable":true,"href":"https:\/\/gobernacionaltaverapaz.gob.gt\/index.php?rest_route=%2Fwp%2Fv2%2Fcategories&post=9829"},{"taxonomy":"post_tag","embeddable":true,"href":"https:\/\/gobernacionaltaverapaz.gob.gt\/index.php?rest_route=%2Fwp%2Fv2%2Ftags&post=9829"}],"curies":[{"name":"wp","href":"https:\/\/api.w.org\/{rel}","templated":true}]}}