{"id":9877,"date":"2020-09-21T12:06:08","date_gmt":"2020-09-21T18:06:08","guid":{"rendered":"https:\/\/gobernacionaltaverapaz.gob.gt\/?p=9877"},"modified":"2020-09-28T15:48:29","modified_gmt":"2020-09-28T21:48:29","slug":"gobernador-departamental-realiz-visita-al-centro-de-atencin-integral-cai","status":"publish","type":"post","link":"https:\/\/gobernacionaltaverapaz.gob.gt\/?p=9877","title":{"rendered":"Gobernador Departamental realiz\u00f3 visita al Centro de atenci\u00f3n integral &#8211; CAI-"},"content":{"rendered":"<p style=\"text-align: justify;\">Gobernador Departamental Ing. Romel V\u00e9liz Castro, realiz\u00f3 visita al Centro de atenci\u00f3n integral &#8211; CAI-, donde convers\u00f3 con las maestras de dicha instituci\u00f3n, quienes compartieron sus planes de trabajo y la forma que han estado trabajado ante esta pandemia del COVID-19.<\/p>\n<p style=\"text-align: justify;\">As\u00ed mismo se les hizo entrega de 2 Canecas de Cloro y 2 galones de alcohol.<\/p>\n<p>&nbsp;<\/p>\n<div><\/div>\n","protected":false},"excerpt":{"rendered":"<p>Gobernador Departamental Ing. Romel V\u00e9liz Castro, realiz\u00f3 visita al Centro de atenci\u00f3n integral &#8211; CAI-, donde convers\u00f3 con las maestras de dicha instituci\u00f3n, quienes compartieron sus planes de trabajo y la forma que han estado trabajado ante esta pandemia del COVID-19. As\u00ed mismo se les hizo entrega de 2 Canecas de Cloro y 2 galones [&hellip;]<\/p>\n","protected":false},"author":1,"featured_media":9874,"comment_status":"closed","ping_status":"open","sticky":false,"template":"","format":"gallery","meta":[],"categories":[182],"tags":[178],"_links":{"self":[{"href":"https:\/\/gobernacionaltaverapaz.gob.gt\/index.php?rest_route=\/wp\/v2\/posts\/9877"}],"collection":[{"href":"https:\/\/gobernacionaltaverapaz.gob.gt\/index.php?rest_route=\/wp\/v2\/posts"}],"about":[{"href":"https:\/\/gobernacionaltaverapaz.gob.gt\/index.php?rest_route=\/wp\/v2\/types\/post"}],"author":[{"embeddable":true,"href":"https:\/\/gobernacionaltaverapaz.gob.gt\/index.php?rest_route=\/wp\/v2\/users\/1"}],"replies":[{"embeddable":true,"href":"https:\/\/gobernacionaltaverapaz.gob.gt\/index.php?rest_route=%2Fwp%2Fv2%2Fcomments&post=9877"}],"version-history":[{"count":1,"href":"https:\/\/gobernacionaltaverapaz.gob.gt\/index.php?rest_route=\/wp\/v2\/posts\/9877\/revisions"}],"predecessor-version":[{"id":9878,"href":"https:\/\/gobernacionaltaverapaz.gob.gt\/index.php?rest_route=\/wp\/v2\/posts\/9877\/revisions\/9878"}],"wp:featuredmedia":[{"embeddable":true,"href":"https:\/\/gobernacionaltaverapaz.gob.gt\/index.php?rest_route=\/wp\/v2\/media\/9874"}],"wp:attachment":[{"href":"https:\/\/gobernacionaltaverapaz.gob.gt\/index.php?rest_route=%2Fwp%2Fv2%2Fmedia&parent=9877"}],"wp:term":[{"taxonomy":"category","embeddable":true,"href":"https:\/\/gobernacionaltaverapaz.gob.gt\/index.php?rest_route=%2Fwp%2Fv2%2Fcategories&post=9877"},{"taxonomy":"post_tag","embeddable":true,"href":"https:\/\/gobernacionaltaverapaz.gob.gt\/index.php?rest_route=%2Fwp%2Fv2%2Ftags&post=9877"}],"curies":[{"name":"wp","href":"https:\/\/api.w.org\/{rel}","templated":true}]}}