{"id":9928,"date":"2020-10-05T14:18:42","date_gmt":"2020-10-05T20:18:42","guid":{"rendered":"https:\/\/gobernacionaltaverapaz.gob.gt\/?p=9928"},"modified":"2020-10-08T16:40:17","modified_gmt":"2020-10-08T22:40:17","slug":"organizaciones-de-mujeres-para-la-eleccin-de-representante-titular","status":"publish","type":"post","link":"https:\/\/gobernacionaltaverapaz.gob.gt\/?p=9928","title":{"rendered":"Organizaciones de mujeres para la elecci\u00f3n de Representante Titular"},"content":{"rendered":"<p style=\"text-align: justify;\">El dia de hoy se llev\u00f3 acabo la Asamblea Departamental de organizaciones de mujeres para la elecci\u00f3n de Representante Titular y Suplente ante el Consejo Departamental de Desarrollo -CODEDE- en cumplimiento a lo establecido en la Ley de los Consejos de Desarrollo Urbano y Rural, (Art\u00edculo 9 literal, del Decreto N\u00famero 11-2002) y del Reglamento de la Ley de Consejos de Desarrollo Urbano y Rural (Acuerdo Gubernativo n\u00famero 461-2002).<\/p>\n<p style=\"text-align: justify;\">Quedando como titular la Sra. Alba Patricia Si Pop del municipio de San Juan Chamelco\u00a0 y suplente la Sra. M\u00f3nica Margarita Calel del municipio de Tactic, para el periodo de octubre 2020 a octubre 2022.\u00a0 El se\u00f1or Gobernador Departamental, Ing. Romel Manuel Veliz Castro en su calidad de Presidente del Consejo de Departamental de Desarrollo de Alta Verapaz, jurament\u00f3 a las representantes electas.<\/p>\n<div><\/div>\n<p>&nbsp;<\/p>\n","protected":false},"excerpt":{"rendered":"<p>El dia de hoy se llev\u00f3 acabo la Asamblea Departamental de organizaciones de mujeres para la elecci\u00f3n de Representante Titular y Suplente ante el Consejo Departamental de Desarrollo -CODEDE- en cumplimiento a lo establecido en la Ley de los Consejos de Desarrollo Urbano y Rural, (Art\u00edculo 9 literal, del Decreto N\u00famero 11-2002) y del Reglamento [&hellip;]<\/p>\n","protected":false},"author":1,"featured_media":9925,"comment_status":"closed","ping_status":"open","sticky":false,"template":"","format":"gallery","meta":[],"categories":[194],"tags":[],"_links":{"self":[{"href":"https:\/\/gobernacionaltaverapaz.gob.gt\/index.php?rest_route=\/wp\/v2\/posts\/9928"}],"collection":[{"href":"https:\/\/gobernacionaltaverapaz.gob.gt\/index.php?rest_route=\/wp\/v2\/posts"}],"about":[{"href":"https:\/\/gobernacionaltaverapaz.gob.gt\/index.php?rest_route=\/wp\/v2\/types\/post"}],"author":[{"embeddable":true,"href":"https:\/\/gobernacionaltaverapaz.gob.gt\/index.php?rest_route=\/wp\/v2\/users\/1"}],"replies":[{"embeddable":true,"href":"https:\/\/gobernacionaltaverapaz.gob.gt\/index.php?rest_route=%2Fwp%2Fv2%2Fcomments&post=9928"}],"version-history":[{"count":1,"href":"https:\/\/gobernacionaltaverapaz.gob.gt\/index.php?rest_route=\/wp\/v2\/posts\/9928\/revisions"}],"predecessor-version":[{"id":9929,"href":"https:\/\/gobernacionaltaverapaz.gob.gt\/index.php?rest_route=\/wp\/v2\/posts\/9928\/revisions\/9929"}],"wp:featuredmedia":[{"embeddable":true,"href":"https:\/\/gobernacionaltaverapaz.gob.gt\/index.php?rest_route=\/wp\/v2\/media\/9925"}],"wp:attachment":[{"href":"https:\/\/gobernacionaltaverapaz.gob.gt\/index.php?rest_route=%2Fwp%2Fv2%2Fmedia&parent=9928"}],"wp:term":[{"taxonomy":"category","embeddable":true,"href":"https:\/\/gobernacionaltaverapaz.gob.gt\/index.php?rest_route=%2Fwp%2Fv2%2Fcategories&post=9928"},{"taxonomy":"post_tag","embeddable":true,"href":"https:\/\/gobernacionaltaverapaz.gob.gt\/index.php?rest_route=%2Fwp%2Fv2%2Ftags&post=9928"}],"curies":[{"name":"wp","href":"https:\/\/api.w.org\/{rel}","templated":true}]}}