{"id":9978,"date":"2020-10-28T19:38:51","date_gmt":"2020-10-29T01:38:51","guid":{"rendered":"https:\/\/gobernacionaltaverapaz.gob.gt\/?p=9978"},"modified":"2020-11-03T15:17:31","modified_gmt":"2020-11-03T21:17:31","slug":"reunin-con-directivos-de-diferente-institucin","status":"publish","type":"post","link":"https:\/\/gobernacionaltaverapaz.gob.gt\/?p=9978","title":{"rendered":"Reuni\u00f3n con directivos de diferente instituci\u00f3n"},"content":{"rendered":"<p style=\"text-align: justify;\">Gobernador Departamental Ing. Romel Veliz Castro, sostuvo reuni\u00f3n con directivos de la Direcci\u00f3n General de Educaci\u00f3n F\u00edsica, la Direcci\u00f3n Departamental de Educaci\u00f3n de Alta Verapaz, el Instituto Nacional de la Juventud y el Deporte -INJUD-, la Coordinaci\u00f3n T\u00e9cnica de Educaci\u00f3n F\u00edsica de Alta Verapaz y miembros de la DIGEF, donde se abordaron temas de desarrollo de las actividades socio culturales y deportivas del departamento.<\/p>\n<p>&nbsp;<\/p>\n<div><\/div>\n","protected":false},"excerpt":{"rendered":"<p>Gobernador Departamental Ing. Romel Veliz Castro, sostuvo reuni\u00f3n con directivos de la Direcci\u00f3n General de Educaci\u00f3n F\u00edsica, la Direcci\u00f3n Departamental de Educaci\u00f3n de Alta Verapaz, el Instituto Nacional de la Juventud y el Deporte -INJUD-, la Coordinaci\u00f3n T\u00e9cnica de Educaci\u00f3n F\u00edsica de Alta Verapaz y miembros de la DIGEF, donde se abordaron temas de desarrollo [&hellip;]<\/p>\n","protected":false},"author":1,"featured_media":9973,"comment_status":"closed","ping_status":"open","sticky":false,"template":"","format":"gallery","meta":[],"categories":[194],"tags":[178],"_links":{"self":[{"href":"https:\/\/gobernacionaltaverapaz.gob.gt\/index.php?rest_route=\/wp\/v2\/posts\/9978"}],"collection":[{"href":"https:\/\/gobernacionaltaverapaz.gob.gt\/index.php?rest_route=\/wp\/v2\/posts"}],"about":[{"href":"https:\/\/gobernacionaltaverapaz.gob.gt\/index.php?rest_route=\/wp\/v2\/types\/post"}],"author":[{"embeddable":true,"href":"https:\/\/gobernacionaltaverapaz.gob.gt\/index.php?rest_route=\/wp\/v2\/users\/1"}],"replies":[{"embeddable":true,"href":"https:\/\/gobernacionaltaverapaz.gob.gt\/index.php?rest_route=%2Fwp%2Fv2%2Fcomments&post=9978"}],"version-history":[{"count":1,"href":"https:\/\/gobernacionaltaverapaz.gob.gt\/index.php?rest_route=\/wp\/v2\/posts\/9978\/revisions"}],"predecessor-version":[{"id":9979,"href":"https:\/\/gobernacionaltaverapaz.gob.gt\/index.php?rest_route=\/wp\/v2\/posts\/9978\/revisions\/9979"}],"wp:featuredmedia":[{"embeddable":true,"href":"https:\/\/gobernacionaltaverapaz.gob.gt\/index.php?rest_route=\/wp\/v2\/media\/9973"}],"wp:attachment":[{"href":"https:\/\/gobernacionaltaverapaz.gob.gt\/index.php?rest_route=%2Fwp%2Fv2%2Fmedia&parent=9978"}],"wp:term":[{"taxonomy":"category","embeddable":true,"href":"https:\/\/gobernacionaltaverapaz.gob.gt\/index.php?rest_route=%2Fwp%2Fv2%2Fcategories&post=9978"},{"taxonomy":"post_tag","embeddable":true,"href":"https:\/\/gobernacionaltaverapaz.gob.gt\/index.php?rest_route=%2Fwp%2Fv2%2Ftags&post=9978"}],"curies":[{"name":"wp","href":"https:\/\/api.w.org\/{rel}","templated":true}]}}